{"id":9066,"date":"2019-02-01T18:10:18","date_gmt":"2019-02-01T18:10:18","guid":{"rendered":"https:\/\/www.centre-region.eu\/quest-ce-radiesthesia-et-comment-est-il-travail\/"},"modified":"2023-06-08T16:02:18","modified_gmt":"2023-06-08T16:02:18","slug":"quest-ce-radiesthesia-et-comment-est-il-travail","status":"publish","type":"post","link":"https:\/\/centre-region.eu\/fr\/quest-ce-radiesthesia-et-comment-est-il-travail\/","title":{"rendered":"QU\u2019EST-CE QUE LA RADIESTH\u00c9SIE ET COMMENT \u00c7A MARCHE ?"},"content":{"rendered":"\t\t<div data-elementor-type=\"wp-post\" data-elementor-id=\"9066\" class=\"elementor elementor-9066 elementor-7346\" data-elementor-post-type=\"post\">\n\t\t\t\t\t\t<section class=\"elementor-section elementor-top-section elementor-element elementor-element-bd04f24 elementor-section-boxed elementor-section-height-default elementor-section-height-default\" data-id=\"bd04f24\" data-element_type=\"section\">\n\t\t\t\t\t\t<div class=\"elementor-container elementor-column-gap-default\">\n\t\t\t\t\t<div class=\"elementor-column elementor-col-100 elementor-top-column elementor-element elementor-element-ea8a7ca\" data-id=\"ea8a7ca\" data-element_type=\"column\">\n\t\t\t<div class=\"elementor-widget-wrap elementor-element-populated\">\n\t\t\t\t\t\t<div class=\"elementor-element elementor-element-022bc2a elementor-widget elementor-widget-heading\" data-id=\"022bc2a\" data-element_type=\"widget\" data-widget_type=\"heading.default\">\n\t\t\t\t<div class=\"elementor-widget-container\">\n\t\t\t<h2 class=\"elementor-heading-title elementor-size-default\">Qu\u2019est-ce que la radiesth\u00e9sie ?<\/h2>\t\t<\/div>\n\t\t\t\t<\/div>\n\t\t\t\t\t<\/div>\n\t\t<\/div>\n\t\t\t\t\t<\/div>\n\t\t<\/section>\n\t\t\t\t<section class=\"elementor-section elementor-top-section elementor-element elementor-element-9928c3a elementor-section-boxed elementor-section-height-default elementor-section-height-default\" data-id=\"9928c3a\" data-element_type=\"section\">\n\t\t\t\t\t\t<div class=\"elementor-container elementor-column-gap-default\">\n\t\t\t\t\t<div class=\"elementor-column elementor-col-100 elementor-top-column elementor-element elementor-element-1567089\" data-id=\"1567089\" data-element_type=\"column\">\n\t\t\t<div class=\"elementor-widget-wrap elementor-element-populated\">\n\t\t\t\t\t\t<div class=\"elementor-element elementor-element-8234121 elementor-widget elementor-widget-text-editor\" data-id=\"8234121\" data-element_type=\"widget\" data-widget_type=\"text-editor.default\">\n\t\t\t\t<div class=\"elementor-widget-container\">\n\t\t\t\t\t\t\t<p style=\"margin: 0cm; margin-bottom: .0001pt;\"><strong><span lang=\"EN-US\" style=\"font-family: 'Calibri','sans-serif'; color: #1c1e29; mso-ansi-language: EN-US;\">*La radiesth\u00e9sie <\/span><\/strong><span lang=\"EN-US\" style=\"font-family: 'Calibri','sans-serif'; color: #1c1e29; mso-ansi-language: EN-US;\"> est une science qui utilise les champs de vibration du corps humain pour avoir acc\u00e8s \u00e0 d\u2019autres informations sur des objets anim\u00e9s ou inanim\u00e9s, en entrant en r\u00e9sonance avec leurs champs \u00e9nerg\u00e9tiques gr\u00e2ce \u00e0 du mat\u00e9riel sp\u00e9cial. <\/span><\/p>\n<p style=\"margin: 0cm; margin-bottom: .0001pt;\"><span lang=\"EN-US\" style=\"font-family: 'Calibri','sans-serif'; color: #1c1e29; mso-ansi-language: EN-US;\">La radiesth\u00e9sie est une m\u00e9thode de recherche qui permet de d\u00e9ployer toute la puissance de notre intuition, notre clairvoyance, et en fait, l\u2019ensemble de nos perceptions vibratoires.<\/span><\/p>\n<p style=\"margin: 0cm; margin-bottom: .0001pt;\"><span lang=\"EN-US\" style=\"font-family: 'Calibri','sans-serif'; color: #1c1e29; mso-ansi-language: EN-US;\">Quel mat\u00e9riel est utilis\u00e9 en radiesth\u00e9sie ?<\/span><\/p>\n<p style=\"margin: 0cm; margin-bottom: .0001pt;\"><span lang=\"EN-US\" style=\"font-family: 'Calibri','sans-serif'; color: #1c1e29; mso-ansi-language: EN-US;\">&#8211; le corps, qui per\u00e7oit les r\u00e9sonances (y compris les mains qui sont l\u2019un des meilleurs instruments de d\u00e9tection) ;<\/span><\/p>\n<p style=\"margin: 0cm; margin-bottom: .0001pt;\"><span lang=\"EN-US\" style=\"font-family: 'Calibri','sans-serif'; color: #1c1e29; mso-ansi-language: EN-US;\">&#8211; le pendule<\/span><\/p>\n<p style=\"margin: 0cm; margin-bottom: .0001pt;\"><span lang=\"EN-US\" style=\"font-family: 'Calibri','sans-serif'; color: #1c1e29; mso-ansi-language: EN-US;\">&#8211; la baguette (le plus souvent faites en m\u00e9tal souple ou en fibre) <\/span><\/p>\n<p style=\"margin: 0cm; margin-bottom: .0001pt;\"><span lang=\"EN-US\" style=\"font-family: 'Calibri','sans-serif'; color: #1c1e29; mso-ansi-language: EN-US;\">&#8211; des Rad Masters (ou baguettes parall\u00e8les) <\/span><\/p>\n<p style=\"margin: 0cm; margin-bottom: .0001pt;\"><span lang=\"EN-US\" style=\"font-family: 'Calibri','sans-serif'; color: #1c1e29; mso-ansi-language: EN-US;\">&#8211; l\u2019antenne de Lecher<\/span><\/p>\n\t\t\t\t\t\t<\/div>\n\t\t\t\t<\/div>\n\t\t\t\t\t<\/div>\n\t\t<\/div>\n\t\t\t\t\t<\/div>\n\t\t<\/section>\n\t\t\t\t<section class=\"elementor-section elementor-top-section elementor-element elementor-element-bb99a17 elementor-section-boxed elementor-section-height-default elementor-section-height-default\" data-id=\"bb99a17\" data-element_type=\"section\">\n\t\t\t\t\t\t<div class=\"elementor-container elementor-column-gap-default\">\n\t\t\t\t\t<div class=\"elementor-column elementor-col-100 elementor-top-column elementor-element elementor-element-3570861\" data-id=\"3570861\" data-element_type=\"column\">\n\t\t\t<div class=\"elementor-widget-wrap elementor-element-populated\">\n\t\t\t\t\t\t<div class=\"elementor-element elementor-element-673bfdd elementor-widget elementor-widget-text-editor\" data-id=\"673bfdd\" data-element_type=\"widget\" data-widget_type=\"text-editor.default\">\n\t\t\t\t<div class=\"elementor-widget-container\">\n\t\t\t\t\t\t\t<p style=\"margin: 0cm; margin-bottom: .0001pt;\"><b><span lang=\"EN-US\" style=\"font-family: 'Calibri','sans-serif'; color: #1c1e29; mso-ansi-language: EN-US;\">Souvenez-vous <\/span><\/b><span lang=\"EN-US\" style=\"font-family: 'Calibri','sans-serif'; color: #1c1e29; mso-ansi-language: EN-US;\">que les instruments utilis\u00e9s ne sont que des vecteurs qui accentuent ce que le corps per\u00e7oit. <\/span><\/p>\n<p style=\"margin: 0cm; margin-bottom: .0001pt;\"><span lang=\"EN-US\" style=\"font-family: 'Calibri','sans-serif'; color: #1c1e29; mso-ansi-language: EN-US;\">Le mot radiesth\u00e9sie (du latin radius, \u00ab rayon \u00bb et du grec aisth\u00easis, \u00ab sensibilit\u00e9 \u00bb) a \u00e9t\u00e9 forg\u00e9 par les abb\u00e9s Bouly et Bayard. Le terme est apparu pour la premi\u00e8re fois lors de la cr\u00e9ation de l\u2019Association fran\u00e7aise et internationale des amis de la radiesth\u00e9sie \u00e0 Lille le 29 d\u00e9cembre 1929.<\/span><\/p>\n\t\t\t\t\t\t<\/div>\n\t\t\t\t<\/div>\n\t\t\t\t\t<\/div>\n\t\t<\/div>\n\t\t\t\t\t<\/div>\n\t\t<\/section>\n\t\t\t\t<section class=\"elementor-section elementor-top-section elementor-element elementor-element-c7b16ac elementor-section-boxed elementor-section-height-default elementor-section-height-default\" data-id=\"c7b16ac\" data-element_type=\"section\">\n\t\t\t\t\t\t<div class=\"elementor-container elementor-column-gap-default\">\n\t\t\t\t\t<div class=\"elementor-column elementor-col-100 elementor-top-column elementor-element elementor-element-b64bfd9\" data-id=\"b64bfd9\" data-element_type=\"column\">\n\t\t\t<div class=\"elementor-widget-wrap elementor-element-populated\">\n\t\t\t\t\t\t<div class=\"elementor-element elementor-element-114ac08 elementor-widget elementor-widget-heading\" data-id=\"114ac08\" data-element_type=\"widget\" data-widget_type=\"heading.default\">\n\t\t\t\t<div class=\"elementor-widget-container\">\n\t\t\t<h2 class=\"elementor-heading-title elementor-size-default\">Comment fonctionne la radiesth\u00e9sie ?<\/h2>\t\t<\/div>\n\t\t\t\t<\/div>\n\t\t\t\t\t<\/div>\n\t\t<\/div>\n\t\t\t\t\t<\/div>\n\t\t<\/section>\n\t\t\t\t<section class=\"elementor-section elementor-top-section elementor-element elementor-element-b08480f elementor-section-boxed elementor-section-height-default elementor-section-height-default\" data-id=\"b08480f\" data-element_type=\"section\">\n\t\t\t\t\t\t<div class=\"elementor-container elementor-column-gap-default\">\n\t\t\t\t\t<div class=\"elementor-column elementor-col-100 elementor-top-column elementor-element elementor-element-be7d3d6\" data-id=\"be7d3d6\" data-element_type=\"column\">\n\t\t\t<div class=\"elementor-widget-wrap elementor-element-populated\">\n\t\t\t\t\t\t<div class=\"elementor-element elementor-element-a904b34 elementor-widget elementor-widget-text-editor\" data-id=\"a904b34\" data-element_type=\"widget\" data-widget_type=\"text-editor.default\">\n\t\t\t\t<div class=\"elementor-widget-container\">\n\t\t\t\t\t\t\t<p>Sous l\u2019influence de plusieurs facteurs tels que la lumi\u00e8re, le bruit, la gravit\u00e9, les rayons (cosmiques, \u00e9lectromagn\u00e9tiques et radioactifs), l\u2019\u00e9nergie chimique, la d\u00e9sint\u00e9gration, l\u2019action de la pens\u00e9e, le cours de la vie, la pression, le contact, les affinit\u00e9s, les couleurs, etc., tous les objets et \u00eatres vivants \u00e9mettent des radiations qui cr\u00e9ent \u00e0 leur tour des champs de vibrations (aussi appel\u00e9s biofield ou champ \u00e9nerg\u00e9tique) que l\u2019on peut percevoir et analyser afin d\u2019en tirer des informations sur les autres.<\/p>\n<p>L\u2019univers est empli de divers types de radiations (vibrations) qui partent de leur source \u00e9mettrice pour aller vers d\u2019autres corps, et depuis ces autres corps pour retourner aux sources de radiation ; il suffit d\u2019\u00eatre sensible \u00e0 ces rayons pour d\u00e9terminer de quelle source ils proviennent, puisqu\u2019ils portent les caract\u00e9ristiques de leur origine.<\/p>\n<p><strong>Mais comment faisons-nous pour supporter tous ces rayons ?<\/strong><br \/>C\u2019est l\u00e0 que les lois physiques de la r\u00e9sonance corporelle (les r\u00e9sonances m\u00e9caniques, acoustiques, \u00e9lectriques, optiques et atomiques) apportent une explication \u00e0 notre capacit\u00e9 \u00e0 filtrer uniquement les radiations qui nous int\u00e9ressent. En radiesth\u00e9sie, ce principe s\u2019appelle \u00ab loi de la similarit\u00e9 \u00bb, qui nous guide jusqu\u2019aux confins des ph\u00e9nom\u00e8nes micro-vibratoires.<\/p>\n<p><strong>Bref rappel sur le principe de r\u00e9sonance physique<\/strong><br \/>Lorsque l\u2019on chante pr\u00e8s d\u2019un piano muet, on peut observer que certaines cordes du piano vibrent \u00e0 l\u2019unisson avec les modulations de la voix ; ces cordes ont les m\u00eames notes que les harmonies chant\u00e9es par la voix.<\/p>\n<p><strong>Loi de la similarit\u00e9<\/strong><br \/>En radiesth\u00e9sie, on peut observer que des corps similaires en substance, forme, couleur ou tout autre caract\u00e9ristique essentielle, entrent en r\u00e9sonance.<\/p>\n<p>Si vous tenez dans votre main un d\u00e9tecteur ultra-sensible, tel un pendule de radiesth\u00e9sie, et que vous le passez entre deux corps similaires (comme par exemple deux poids en cuivre de 100g chaque). Vous aurez l\u2019impression qu\u2019un mur invisible unit ces deux corps similaires et que le pendule bute contre cet obstacle. C\u2019est parce que deux corps similaires entrent en r\u00e9sonance : ils s\u2019influencent mutuellement. Le mur invisible contre lequel se heurte le pendule et qui le fait h\u00e9siter est la ligne de radiation qui les unit. En radiesth\u00e9sie, ce ph\u00e9nom\u00e8ne s&#8217;appelle le \u00ab rayon de l&#8217;union \u00bb.<\/p>\n\t\t\t\t\t\t<\/div>\n\t\t\t\t<\/div>\n\t\t\t\t\t<\/div>\n\t\t<\/div>\n\t\t\t\t\t<\/div>\n\t\t<\/section>\n\t\t\t\t<section class=\"elementor-section elementor-top-section elementor-element elementor-element-cbc78fc elementor-section-boxed elementor-section-height-default elementor-section-height-default\" data-id=\"cbc78fc\" data-element_type=\"section\">\n\t\t\t\t\t\t<div class=\"elementor-container elementor-column-gap-default\">\n\t\t\t\t\t<div class=\"elementor-column elementor-col-100 elementor-top-column elementor-element elementor-element-79cf75a\" data-id=\"79cf75a\" data-element_type=\"column\">\n\t\t\t<div class=\"elementor-widget-wrap elementor-element-populated\">\n\t\t\t\t\t\t<div class=\"elementor-element elementor-element-5005d01 elementor-widget elementor-widget-heading\" data-id=\"5005d01\" data-element_type=\"widget\" data-widget_type=\"heading.default\">\n\t\t\t\t<div class=\"elementor-widget-container\">\n\t\t\t<h2 class=\"elementor-heading-title elementor-size-default\">Votre r\u00e9sonance avec un objet ou une personne<\/h2>\t\t<\/div>\n\t\t\t\t<\/div>\n\t\t\t\t\t<\/div>\n\t\t<\/div>\n\t\t\t\t\t<\/div>\n\t\t<\/section>\n\t\t\t\t<section class=\"elementor-section elementor-top-section elementor-element elementor-element-ad57452 elementor-section-boxed elementor-section-height-default elementor-section-height-default\" data-id=\"ad57452\" data-element_type=\"section\">\n\t\t\t\t\t\t<div class=\"elementor-container elementor-column-gap-default\">\n\t\t\t\t\t<div class=\"elementor-column elementor-col-100 elementor-top-column elementor-element elementor-element-6afeebe\" data-id=\"6afeebe\" data-element_type=\"column\">\n\t\t\t<div class=\"elementor-widget-wrap elementor-element-populated\">\n\t\t\t\t\t\t<div class=\"elementor-element elementor-element-fb2d167 elementor-widget elementor-widget-text-editor\" data-id=\"fb2d167\" data-element_type=\"widget\" data-widget_type=\"text-editor.default\">\n\t\t\t\t<div class=\"elementor-widget-container\">\n\t\t\t\t\t\t\t<p>Si vous consid\u00e9rez un objet comme \u00e9tant un CEF, alors vous vous connecterez imm\u00e9diatement \u00e0 lui, peu importe o\u00f9 il se trouve : un rayon unificateur s\u2019\u00e9tablit entre vous et lui. Ce rayon se compose de vos vibrations mentales qui peuvent atteindre l\u2019objet \u00e0 n\u2019importe quelle distance ; la radiation caract\u00e9ristique de l\u2019objet auquel vous pensez vous parviendra en retour par des radiations mentales, en d\u2019autres termes, en r\u00e9agissant par le contact de votre pens\u00e9e sur cet objet. Si vous partagez quelque chose en commun avec le Correcteur d\u2019\u00c9tat Fonctionnel auquel vous songez, alors une r\u00e9sonance s\u2019\u00e9tablira entre vous et le CEF. Ainsi, si votre perception est affin\u00e9e, vous r\u00e9aliserez que ce CEF vous est b\u00e9n\u00e9fique. Il n\u2019y a pas de limite ou d\u2019obstacles \u00e0 ce ph\u00e9nom\u00e8ne.<\/p>\t\t\t\t\t\t<\/div>\n\t\t\t\t<\/div>\n\t\t\t\t\t<\/div>\n\t\t<\/div>\n\t\t\t\t\t<\/div>\n\t\t<\/section>\n\t\t\t\t<section class=\"elementor-section elementor-top-section elementor-element elementor-element-9a6d117 elementor-section-boxed elementor-section-height-default elementor-section-height-default\" data-id=\"9a6d117\" data-element_type=\"section\">\n\t\t\t\t\t\t<div class=\"elementor-container elementor-column-gap-default\">\n\t\t\t\t\t<div class=\"elementor-column elementor-col-100 elementor-top-column elementor-element elementor-element-bb493b5\" data-id=\"bb493b5\" data-element_type=\"column\">\n\t\t\t<div class=\"elementor-widget-wrap elementor-element-populated\">\n\t\t\t\t\t\t<div class=\"elementor-element elementor-element-9c484bd elementor-widget elementor-widget-heading\" data-id=\"9c484bd\" data-element_type=\"widget\" data-widget_type=\"heading.default\">\n\t\t\t\t<div class=\"elementor-widget-container\">\n\t\t\t<h2 class=\"elementor-heading-title elementor-size-default\">Qu\u2019est-ce qu\u2019un cadran de radiesth\u00e9sie ?<\/h2>\t\t<\/div>\n\t\t\t\t<\/div>\n\t\t\t\t\t<\/div>\n\t\t<\/div>\n\t\t\t\t\t<\/div>\n\t\t<\/section>\n\t\t\t\t<section class=\"elementor-section elementor-top-section elementor-element elementor-element-d104ad4 elementor-section-boxed elementor-section-height-default elementor-section-height-default\" data-id=\"d104ad4\" data-element_type=\"section\">\n\t\t\t\t\t\t<div class=\"elementor-container elementor-column-gap-default\">\n\t\t\t\t\t<div class=\"elementor-column elementor-col-100 elementor-top-column elementor-element elementor-element-b0ce53d\" data-id=\"b0ce53d\" data-element_type=\"column\">\n\t\t\t<div class=\"elementor-widget-wrap elementor-element-populated\">\n\t\t\t\t\t\t<div class=\"elementor-element elementor-element-d252236 elementor-widget elementor-widget-text-editor\" data-id=\"d252236\" data-element_type=\"widget\" data-widget_type=\"text-editor.default\">\n\t\t\t\t<div class=\"elementor-widget-container\">\n\t\t\t\t\t\t\t<p style=\"margin: 0cm; margin-bottom: .0001pt;\"><span lang=\"EN-US\">Un cadran de radiesth\u00e9sie est un dessin de forme semi-circulaire le plus souvent, avec des inscriptions \u00e0 l\u2019int\u00e9rieur. Dans notre gamme de produits, il s\u2019agit des noms des CEF ou des s\u00e9ries de CEF.<\/span><\/p>\n<p style=\"margin: 0cm; margin-bottom: .0001pt;\"><span lang=\"EN-US\">Nous vous rappelons que pour faire appel \u00e0 la <strong>radiesth\u00e9sie<\/strong>, vous devez \u00eatre en mesure :<\/span><\/p>\n<p style=\"text-indent: -18.0pt; mso-list: l0 level1 lfo1; margin: 0cm 0cm .0001pt 36.0pt;\"><span lang=\"EN-US\" style=\"font-family: Symbol; mso-fareast-font-family: Symbol; mso-bidi-font-family: Symbol; color: #1c1e29; mso-ansi-language: EN-US;\">\u2022 <\/span> <span lang=\"EN-US\">d\u2019ancrer et de centrer <\/span><\/p>\n<p style=\"text-indent: -18.0pt; mso-list: l0 level1 lfo1; margin: 0cm 0cm .0001pt 36.0pt;\"><span lang=\"EN-US\" style=\"font-family: Symbol; mso-fareast-font-family: Symbol; mso-bidi-font-family: Symbol; color: #1c1e29; mso-ansi-language: EN-US;\">\u2022 <\/span> <span lang=\"EN-US\">d\u2019utiliser un pendule ou des tiges pour d\u00e9chiffrer les mouvements<\/span><\/p>\n<p style=\"text-indent: -18.0pt; mso-list: l0 level1 lfo1; margin: 0cm 0cm .0001pt 36.0pt;\"><span style=\"font-family: Symbol; mso-fareast-font-family: Symbol; mso-bidi-font-family: Symbol; color: #1c1e29;\">\u2022 <\/span> de formuler correctement vos questions<\/p>\n\t\t\t\t\t\t<\/div>\n\t\t\t\t<\/div>\n\t\t\t\t\t<\/div>\n\t\t<\/div>\n\t\t\t\t\t<\/div>\n\t\t<\/section>\n\t\t\t\t<\/div>\n\t\t","protected":false},"excerpt":{"rendered":"<p>Qu\u2019est-ce que la radiesth\u00e9sie ? *La radiesth\u00e9sie est une science qui utilise les champs de vibration du corps humain pour avoir acc\u00e8s \u00e0 d\u2019autres informations sur des objets anim\u00e9s ou inanim\u00e9s, en entrant en r\u00e9sonance avec leurs champs \u00e9nerg\u00e9tiques gr\u00e2ce \u00e0 du mat\u00e9riel sp\u00e9cial. La radiesth\u00e9sie est une m\u00e9thode de recherche qui permet de d\u00e9ployer &hellip;<\/p>\n<p class=\"read-more\"> <a class=\"\" href=\"https:\/\/centre-region.eu\/fr\/quest-ce-radiesthesia-et-comment-est-il-travail\/\"> <span class=\"screen-reader-text\">QU\u2019EST-CE QUE LA RADIESTH\u00c9SIE ET COMMENT \u00c7A MARCHE ?<\/span> Lire la suite\u00a0\u00bb<\/a><\/p>\n","protected":false},"author":6,"featured_media":8300,"comment_status":"closed","ping_status":"closed","sticky":false,"template":"","format":"standard","meta":{"site-sidebar-layout":"default","site-content-layout":"default","ast-global-header-display":"","ast-main-header-display":"","ast-hfb-above-header-display":"","ast-hfb-below-header-display":"","ast-hfb-mobile-header-display":"","site-post-title":"","ast-breadcrumbs-content":"","ast-featured-img":"","footer-sml-layout":"","theme-transparent-header-meta":"default","adv-header-id-meta":"","stick-header-meta":"","header-above-stick-meta":"","header-main-stick-meta":"","header-below-stick-meta":"","footnotes":""},"categories":[126],"tags":[127],"class_list":["post-9066","post","type-post","status-publish","format-standard","has-post-thumbnail","hentry","category-fsc-fr","tag-fsc-fr"],"acf":[],"yoast_head":"<!-- This site is optimized with the Yoast SEO plugin v22.2 - https:\/\/yoast.com\/wordpress\/plugins\/seo\/ -->\n<title>QU\u2019EST-CE QUE LA RADIESTH\u00c9SIE ET COMMENT \u00c7A MARCHE ? - Centre-Region<\/title>\n<meta name=\"robots\" content=\"index, follow, max-snippet:-1, max-image-preview:large, max-video-preview:-1\" \/>\n<link rel=\"canonical\" href=\"https:\/\/centre-region.eu\/fr\/quest-ce-radiesthesia-et-comment-est-il-travail\/\" \/>\n<meta property=\"og:locale\" content=\"fr_FR\" \/>\n<meta property=\"og:type\" content=\"article\" \/>\n<meta property=\"og:title\" content=\"QU\u2019EST-CE QUE LA RADIESTH\u00c9SIE ET COMMENT \u00c7A MARCHE ? - Centre-Region\" \/>\n<meta property=\"og:description\" content=\"Qu\u2019est-ce que la radiesth\u00e9sie ? *La radiesth\u00e9sie est une science qui utilise les champs de vibration du corps humain pour avoir acc\u00e8s \u00e0 d\u2019autres informations sur des objets anim\u00e9s ou inanim\u00e9s, en entrant en r\u00e9sonance avec leurs champs \u00e9nerg\u00e9tiques gr\u00e2ce \u00e0 du mat\u00e9riel sp\u00e9cial. La radiesth\u00e9sie est une m\u00e9thode de recherche qui permet de d\u00e9ployer &hellip; QU\u2019EST-CE QUE LA RADIESTH\u00c9SIE ET COMMENT \u00c7A MARCHE ? Lire la suite\u00a0\u00bb\" \/>\n<meta property=\"og:url\" content=\"https:\/\/centre-region.eu\/fr\/quest-ce-radiesthesia-et-comment-est-il-travail\/\" \/>\n<meta property=\"og:site_name\" content=\"Centre-Region\" \/>\n<meta property=\"article:published_time\" content=\"2019-02-01T18:10:18+00:00\" \/>\n<meta property=\"article:modified_time\" content=\"2023-06-08T16:02:18+00:00\" \/>\n<meta property=\"og:image\" content=\"https:\/\/centre-region.eu\/wp-content\/uploads\/2019\/12\/Radiesthesia.jpg\" \/>\n\t<meta property=\"og:image:width\" content=\"1000\" \/>\n\t<meta property=\"og:image:height\" content=\"523\" \/>\n\t<meta property=\"og:image:type\" content=\"image\/jpeg\" \/>\n<meta name=\"author\" content=\"Svetlana Koltsova\" \/>\n<meta name=\"twitter:card\" content=\"summary_large_image\" \/>\n<meta name=\"twitter:label1\" content=\"\u00c9crit par\" \/>\n\t<meta name=\"twitter:data1\" content=\"Svetlana Koltsova\" \/>\n\t<meta name=\"twitter:label2\" content=\"Dur\u00e9e de lecture estim\u00e9e\" \/>\n\t<meta name=\"twitter:data2\" content=\"4 minutes\" \/>\n<script type=\"application\/ld+json\" class=\"yoast-schema-graph\">{\"@context\":\"https:\/\/schema.org\",\"@graph\":[{\"@type\":\"Article\",\"@id\":\"https:\/\/centre-region.eu\/fr\/quest-ce-radiesthesia-et-comment-est-il-travail\/#article\",\"isPartOf\":{\"@id\":\"https:\/\/centre-region.eu\/fr\/quest-ce-radiesthesia-et-comment-est-il-travail\/\"},\"author\":{\"name\":\"Svetlana Koltsova\",\"@id\":\"https:\/\/centre-region.eu\/fr\/#\/schema\/person\/b27468957ed439a55f1e034500e09e2b\"},\"headline\":\"QU\u2019EST-CE QUE LA RADIESTH\u00c9SIE ET COMMENT \u00c7A MARCHE ?\",\"datePublished\":\"2019-02-01T18:10:18+00:00\",\"dateModified\":\"2023-06-08T16:02:18+00:00\",\"mainEntityOfPage\":{\"@id\":\"https:\/\/centre-region.eu\/fr\/quest-ce-radiesthesia-et-comment-est-il-travail\/\"},\"wordCount\":868,\"publisher\":{\"@id\":\"https:\/\/centre-region.eu\/fr\/#organization\"},\"image\":{\"@id\":\"https:\/\/centre-region.eu\/fr\/quest-ce-radiesthesia-et-comment-est-il-travail\/#primaryimage\"},\"thumbnailUrl\":\"https:\/\/centre-region.eu\/wp-content\/uploads\/2019\/12\/Radiesthesia.jpg\",\"keywords\":[\"FSC\"],\"articleSection\":[\"Functional State Correctors\"],\"inLanguage\":\"fr-FR\"},{\"@type\":\"WebPage\",\"@id\":\"https:\/\/centre-region.eu\/fr\/quest-ce-radiesthesia-et-comment-est-il-travail\/\",\"url\":\"https:\/\/centre-region.eu\/fr\/quest-ce-radiesthesia-et-comment-est-il-travail\/\",\"name\":\"QU\u2019EST-CE QUE LA RADIESTH\u00c9SIE ET COMMENT \u00c7A MARCHE ? - Centre-Region\",\"isPartOf\":{\"@id\":\"https:\/\/centre-region.eu\/fr\/#website\"},\"primaryImageOfPage\":{\"@id\":\"https:\/\/centre-region.eu\/fr\/quest-ce-radiesthesia-et-comment-est-il-travail\/#primaryimage\"},\"image\":{\"@id\":\"https:\/\/centre-region.eu\/fr\/quest-ce-radiesthesia-et-comment-est-il-travail\/#primaryimage\"},\"thumbnailUrl\":\"https:\/\/centre-region.eu\/wp-content\/uploads\/2019\/12\/Radiesthesia.jpg\",\"datePublished\":\"2019-02-01T18:10:18+00:00\",\"dateModified\":\"2023-06-08T16:02:18+00:00\",\"breadcrumb\":{\"@id\":\"https:\/\/centre-region.eu\/fr\/quest-ce-radiesthesia-et-comment-est-il-travail\/#breadcrumb\"},\"inLanguage\":\"fr-FR\",\"potentialAction\":[{\"@type\":\"ReadAction\",\"target\":[\"https:\/\/centre-region.eu\/fr\/quest-ce-radiesthesia-et-comment-est-il-travail\/\"]}]},{\"@type\":\"ImageObject\",\"inLanguage\":\"fr-FR\",\"@id\":\"https:\/\/centre-region.eu\/fr\/quest-ce-radiesthesia-et-comment-est-il-travail\/#primaryimage\",\"url\":\"https:\/\/centre-region.eu\/wp-content\/uploads\/2019\/12\/Radiesthesia.jpg\",\"contentUrl\":\"https:\/\/centre-region.eu\/wp-content\/uploads\/2019\/12\/Radiesthesia.jpg\",\"width\":1000,\"height\":523},{\"@type\":\"BreadcrumbList\",\"@id\":\"https:\/\/centre-region.eu\/fr\/quest-ce-radiesthesia-et-comment-est-il-travail\/#breadcrumb\",\"itemListElement\":[{\"@type\":\"ListItem\",\"position\":1,\"name\":\"Home\",\"item\":\"https:\/\/centre-region.eu\/fr\/\"},{\"@type\":\"ListItem\",\"position\":2,\"name\":\"QU\u2019EST-CE QUE LA RADIESTH\u00c9SIE ET COMMENT \u00c7A MARCHE ?\"}]},{\"@type\":\"WebSite\",\"@id\":\"https:\/\/centre-region.eu\/fr\/#website\",\"url\":\"https:\/\/centre-region.eu\/fr\/\",\"name\":\"Centre-Region\",\"description\":\"official European representative of the \u00abCentre Region\u00bb company\",\"publisher\":{\"@id\":\"https:\/\/centre-region.eu\/fr\/#organization\"},\"potentialAction\":[{\"@type\":\"SearchAction\",\"target\":{\"@type\":\"EntryPoint\",\"urlTemplate\":\"https:\/\/centre-region.eu\/fr\/?s={search_term_string}\"},\"query-input\":\"required name=search_term_string\"}],\"inLanguage\":\"fr-FR\"},{\"@type\":\"Organization\",\"@id\":\"https:\/\/centre-region.eu\/fr\/#organization\",\"name\":\"Centre-Region\",\"url\":\"https:\/\/centre-region.eu\/fr\/\",\"logo\":{\"@type\":\"ImageObject\",\"inLanguage\":\"fr-FR\",\"@id\":\"https:\/\/centre-region.eu\/fr\/#\/schema\/logo\/image\/\",\"url\":\"https:\/\/centre-region.eu\/wp-content\/uploads\/2019\/11\/Logo-Centre-Region-eu-5-1.svg\",\"contentUrl\":\"https:\/\/centre-region.eu\/wp-content\/uploads\/2019\/11\/Logo-Centre-Region-eu-5-1.svg\",\"caption\":\"Centre-Region\"},\"image\":{\"@id\":\"https:\/\/centre-region.eu\/fr\/#\/schema\/logo\/image\/\"}},{\"@type\":\"Person\",\"@id\":\"https:\/\/centre-region.eu\/fr\/#\/schema\/person\/b27468957ed439a55f1e034500e09e2b\",\"name\":\"Svetlana Koltsova\",\"image\":{\"@type\":\"ImageObject\",\"inLanguage\":\"fr-FR\",\"@id\":\"https:\/\/centre-region.eu\/fr\/#\/schema\/person\/image\/\",\"url\":\"https:\/\/secure.gravatar.com\/avatar\/ca0c22c505afe96107b1960c7c989f9e1549f5a99c1ce5ba9d768083ffc77627?s=96&d=mm&r=g\",\"contentUrl\":\"https:\/\/secure.gravatar.com\/avatar\/ca0c22c505afe96107b1960c7c989f9e1549f5a99c1ce5ba9d768083ffc77627?s=96&d=mm&r=g\",\"caption\":\"Svetlana Koltsova\"},\"url\":\"https:\/\/centre-region.eu\/fr\/author\/svetlana-koltsova\/\"}]}<\/script>\n<!-- \/ Yoast SEO plugin. -->","yoast_head_json":{"title":"QU\u2019EST-CE QUE LA RADIESTH\u00c9SIE ET COMMENT \u00c7A MARCHE ? - Centre-Region","robots":{"index":"index","follow":"follow","max-snippet":"max-snippet:-1","max-image-preview":"max-image-preview:large","max-video-preview":"max-video-preview:-1"},"canonical":"https:\/\/centre-region.eu\/fr\/quest-ce-radiesthesia-et-comment-est-il-travail\/","og_locale":"fr_FR","og_type":"article","og_title":"QU\u2019EST-CE QUE LA RADIESTH\u00c9SIE ET COMMENT \u00c7A MARCHE ? - Centre-Region","og_description":"Qu\u2019est-ce que la radiesth\u00e9sie ? *La radiesth\u00e9sie est une science qui utilise les champs de vibration du corps humain pour avoir acc\u00e8s \u00e0 d\u2019autres informations sur des objets anim\u00e9s ou inanim\u00e9s, en entrant en r\u00e9sonance avec leurs champs \u00e9nerg\u00e9tiques gr\u00e2ce \u00e0 du mat\u00e9riel sp\u00e9cial. La radiesth\u00e9sie est une m\u00e9thode de recherche qui permet de d\u00e9ployer &hellip; QU\u2019EST-CE QUE LA RADIESTH\u00c9SIE ET COMMENT \u00c7A MARCHE ? Lire la suite\u00a0\u00bb","og_url":"https:\/\/centre-region.eu\/fr\/quest-ce-radiesthesia-et-comment-est-il-travail\/","og_site_name":"Centre-Region","article_published_time":"2019-02-01T18:10:18+00:00","article_modified_time":"2023-06-08T16:02:18+00:00","og_image":[{"width":1000,"height":523,"url":"https:\/\/centre-region.eu\/wp-content\/uploads\/2019\/12\/Radiesthesia.jpg","type":"image\/jpeg"}],"author":"Svetlana Koltsova","twitter_card":"summary_large_image","twitter_misc":{"\u00c9crit par":"Svetlana Koltsova","Dur\u00e9e de lecture estim\u00e9e":"4 minutes"},"schema":{"@context":"https:\/\/schema.org","@graph":[{"@type":"Article","@id":"https:\/\/centre-region.eu\/fr\/quest-ce-radiesthesia-et-comment-est-il-travail\/#article","isPartOf":{"@id":"https:\/\/centre-region.eu\/fr\/quest-ce-radiesthesia-et-comment-est-il-travail\/"},"author":{"name":"Svetlana Koltsova","@id":"https:\/\/centre-region.eu\/fr\/#\/schema\/person\/b27468957ed439a55f1e034500e09e2b"},"headline":"QU\u2019EST-CE QUE LA RADIESTH\u00c9SIE ET COMMENT \u00c7A MARCHE ?","datePublished":"2019-02-01T18:10:18+00:00","dateModified":"2023-06-08T16:02:18+00:00","mainEntityOfPage":{"@id":"https:\/\/centre-region.eu\/fr\/quest-ce-radiesthesia-et-comment-est-il-travail\/"},"wordCount":868,"publisher":{"@id":"https:\/\/centre-region.eu\/fr\/#organization"},"image":{"@id":"https:\/\/centre-region.eu\/fr\/quest-ce-radiesthesia-et-comment-est-il-travail\/#primaryimage"},"thumbnailUrl":"https:\/\/centre-region.eu\/wp-content\/uploads\/2019\/12\/Radiesthesia.jpg","keywords":["FSC"],"articleSection":["Functional State Correctors"],"inLanguage":"fr-FR"},{"@type":"WebPage","@id":"https:\/\/centre-region.eu\/fr\/quest-ce-radiesthesia-et-comment-est-il-travail\/","url":"https:\/\/centre-region.eu\/fr\/quest-ce-radiesthesia-et-comment-est-il-travail\/","name":"QU\u2019EST-CE QUE LA RADIESTH\u00c9SIE ET COMMENT \u00c7A MARCHE ? - Centre-Region","isPartOf":{"@id":"https:\/\/centre-region.eu\/fr\/#website"},"primaryImageOfPage":{"@id":"https:\/\/centre-region.eu\/fr\/quest-ce-radiesthesia-et-comment-est-il-travail\/#primaryimage"},"image":{"@id":"https:\/\/centre-region.eu\/fr\/quest-ce-radiesthesia-et-comment-est-il-travail\/#primaryimage"},"thumbnailUrl":"https:\/\/centre-region.eu\/wp-content\/uploads\/2019\/12\/Radiesthesia.jpg","datePublished":"2019-02-01T18:10:18+00:00","dateModified":"2023-06-08T16:02:18+00:00","breadcrumb":{"@id":"https:\/\/centre-region.eu\/fr\/quest-ce-radiesthesia-et-comment-est-il-travail\/#breadcrumb"},"inLanguage":"fr-FR","potentialAction":[{"@type":"ReadAction","target":["https:\/\/centre-region.eu\/fr\/quest-ce-radiesthesia-et-comment-est-il-travail\/"]}]},{"@type":"ImageObject","inLanguage":"fr-FR","@id":"https:\/\/centre-region.eu\/fr\/quest-ce-radiesthesia-et-comment-est-il-travail\/#primaryimage","url":"https:\/\/centre-region.eu\/wp-content\/uploads\/2019\/12\/Radiesthesia.jpg","contentUrl":"https:\/\/centre-region.eu\/wp-content\/uploads\/2019\/12\/Radiesthesia.jpg","width":1000,"height":523},{"@type":"BreadcrumbList","@id":"https:\/\/centre-region.eu\/fr\/quest-ce-radiesthesia-et-comment-est-il-travail\/#breadcrumb","itemListElement":[{"@type":"ListItem","position":1,"name":"Home","item":"https:\/\/centre-region.eu\/fr\/"},{"@type":"ListItem","position":2,"name":"QU\u2019EST-CE QUE LA RADIESTH\u00c9SIE ET COMMENT \u00c7A MARCHE ?"}]},{"@type":"WebSite","@id":"https:\/\/centre-region.eu\/fr\/#website","url":"https:\/\/centre-region.eu\/fr\/","name":"Centre-Region","description":"official European representative of the \u00abCentre Region\u00bb company","publisher":{"@id":"https:\/\/centre-region.eu\/fr\/#organization"},"potentialAction":[{"@type":"SearchAction","target":{"@type":"EntryPoint","urlTemplate":"https:\/\/centre-region.eu\/fr\/?s={search_term_string}"},"query-input":"required name=search_term_string"}],"inLanguage":"fr-FR"},{"@type":"Organization","@id":"https:\/\/centre-region.eu\/fr\/#organization","name":"Centre-Region","url":"https:\/\/centre-region.eu\/fr\/","logo":{"@type":"ImageObject","inLanguage":"fr-FR","@id":"https:\/\/centre-region.eu\/fr\/#\/schema\/logo\/image\/","url":"https:\/\/centre-region.eu\/wp-content\/uploads\/2019\/11\/Logo-Centre-Region-eu-5-1.svg","contentUrl":"https:\/\/centre-region.eu\/wp-content\/uploads\/2019\/11\/Logo-Centre-Region-eu-5-1.svg","caption":"Centre-Region"},"image":{"@id":"https:\/\/centre-region.eu\/fr\/#\/schema\/logo\/image\/"}},{"@type":"Person","@id":"https:\/\/centre-region.eu\/fr\/#\/schema\/person\/b27468957ed439a55f1e034500e09e2b","name":"Svetlana Koltsova","image":{"@type":"ImageObject","inLanguage":"fr-FR","@id":"https:\/\/centre-region.eu\/fr\/#\/schema\/person\/image\/","url":"https:\/\/secure.gravatar.com\/avatar\/ca0c22c505afe96107b1960c7c989f9e1549f5a99c1ce5ba9d768083ffc77627?s=96&d=mm&r=g","contentUrl":"https:\/\/secure.gravatar.com\/avatar\/ca0c22c505afe96107b1960c7c989f9e1549f5a99c1ce5ba9d768083ffc77627?s=96&d=mm&r=g","caption":"Svetlana Koltsova"},"url":"https:\/\/centre-region.eu\/fr\/author\/svetlana-koltsova\/"}]}},"_links":{"self":[{"href":"https:\/\/centre-region.eu\/fr\/wp-json\/wp\/v2\/posts\/9066","targetHints":{"allow":["GET"]}}],"collection":[{"href":"https:\/\/centre-region.eu\/fr\/wp-json\/wp\/v2\/posts"}],"about":[{"href":"https:\/\/centre-region.eu\/fr\/wp-json\/wp\/v2\/types\/post"}],"author":[{"embeddable":true,"href":"https:\/\/centre-region.eu\/fr\/wp-json\/wp\/v2\/users\/6"}],"replies":[{"embeddable":true,"href":"https:\/\/centre-region.eu\/fr\/wp-json\/wp\/v2\/comments?post=9066"}],"version-history":[{"count":30,"href":"https:\/\/centre-region.eu\/fr\/wp-json\/wp\/v2\/posts\/9066\/revisions"}],"predecessor-version":[{"id":26301,"href":"https:\/\/centre-region.eu\/fr\/wp-json\/wp\/v2\/posts\/9066\/revisions\/26301"}],"wp:featuredmedia":[{"embeddable":true,"href":"https:\/\/centre-region.eu\/fr\/wp-json\/wp\/v2\/media\/8300"}],"wp:attachment":[{"href":"https:\/\/centre-region.eu\/fr\/wp-json\/wp\/v2\/media?parent=9066"}],"wp:term":[{"taxonomy":"category","embeddable":true,"href":"https:\/\/centre-region.eu\/fr\/wp-json\/wp\/v2\/categories?post=9066"},{"taxonomy":"post_tag","embeddable":true,"href":"https:\/\/centre-region.eu\/fr\/wp-json\/wp\/v2\/tags?post=9066"}],"curies":[{"name":"wp","href":"https:\/\/api.w.org\/{rel}","templated":true}]}}