{"id":17230,"date":"2021-02-10T01:25:48","date_gmt":"2021-02-10T01:25:48","guid":{"rendered":"https:\/\/centre-region.eu\/recommendations-pour-lutilisation-de-cef-bracelets\/"},"modified":"2021-02-17T16:16:04","modified_gmt":"2021-02-17T16:16:04","slug":"recommendations-pour-lutilisation-de-cef-bracelets","status":"publish","type":"post","link":"https:\/\/centre-region.eu\/fr\/recommendations-pour-lutilisation-de-cef-bracelets\/","title":{"rendered":"RECOMMENDATIONS POUR L\u2019UTILISATION DE CEF-BRACELETS"},"content":{"rendered":"\t\t<div data-elementor-type=\"wp-post\" data-elementor-id=\"17230\" class=\"elementor elementor-17230 elementor-17194\" data-elementor-post-type=\"post\">\n\t\t\t\t\t\t<section class=\"elementor-section elementor-top-section elementor-element elementor-element-695979d elementor-section-boxed elementor-section-height-default elementor-section-height-default\" data-id=\"695979d\" data-element_type=\"section\">\n\t\t\t\t\t\t<div class=\"elementor-container elementor-column-gap-default\">\n\t\t\t\t\t<div class=\"elementor-column elementor-col-100 elementor-top-column elementor-element elementor-element-3006f87\" data-id=\"3006f87\" data-element_type=\"column\">\n\t\t\t<div class=\"elementor-widget-wrap elementor-element-populated\">\n\t\t\t\t\t\t<div class=\"elementor-element elementor-element-55470e1 elementor-widget elementor-widget-text-editor\" data-id=\"55470e1\" data-element_type=\"widget\" data-widget_type=\"text-editor.default\">\n\t\t\t\t<div class=\"elementor-widget-container\">\n\t\t\t\t\t\t\t<p><span style=\"color: #333333;\">Le CEF-Bracelet peut \u00eatre port\u00e9 de mani\u00e8re permanente ou seulement occasionnelle en fonction des probl\u00e8mes de chaque utilisateur.<\/span><\/p>\n<p><span style=\"color: #333333;\">Si vous souhaitez porter simultan\u00e9ment deux CEF-Bracelets ou plus, il est pr\u00e9f\u00e9rable de les porter \u00e0 vos deux poign\u00e9es ou \u00e0 vos deux chevilles.<\/span><\/p>\n<p><span style=\"color: #333333;\">Il est important de bien \u00e9couter ce que votre corps vous dit, car malgr\u00e9 tous les bienfaits que les appareils \u00e9nerg\u00e9tiques peuvent nous procurer, parfois leur influence est trop importante. Ainsi notre corps \u00e9nerg\u00e9tique peut se trouver surcharg\u00e9 d\u2019information. Si vous vous sentez particuli\u00e8rement fatigu\u00e9 apr\u00e8s avoir port\u00e9 le bracelet, il vaudrait mieux boire de l\u2019eau qui a \u00e9t\u00e9 structur\u00e9e avec le bracelet au lieu de porter le bracelet directement, car les effets seront plus doux.<\/span><\/p>\n\t\t\t\t\t\t<\/div>\n\t\t\t\t<\/div>\n\t\t\t\t\t<\/div>\n\t\t<\/div>\n\t\t\t\t\t<\/div>\n\t\t<\/section>\n\t\t\t\t<section class=\"elementor-section elementor-top-section elementor-element elementor-element-e4d0fee elementor-section-boxed elementor-section-height-default elementor-section-height-default\" data-id=\"e4d0fee\" data-element_type=\"section\">\n\t\t\t\t\t\t<div class=\"elementor-container elementor-column-gap-default\">\n\t\t\t\t\t<div class=\"elementor-column elementor-col-66 elementor-top-column elementor-element elementor-element-6c3525b\" data-id=\"6c3525b\" data-element_type=\"column\">\n\t\t\t<div class=\"elementor-widget-wrap elementor-element-populated\">\n\t\t\t\t\t\t<div class=\"elementor-element elementor-element-bc72df7 elementor-widget elementor-widget-text-editor\" data-id=\"bc72df7\" data-element_type=\"widget\" data-widget_type=\"text-editor.default\">\n\t\t\t\t<div class=\"elementor-widget-container\">\n\t\t\t\t\t\t\t<p><span style=\"color: #333333;\">Pour structurer de l\u2019eau ou tout autre liquide \u00e0 l\u2019aide d\u2019un CEF-Bracelet, il suffit de placer un verre ou une bouteille au milieu d\u2019un CEF-Bracelet ferm\u00e9. Voir l\u2019illustration \u00e0 droite. <\/span><br \/><span style=\"color: #333333;\">La dur\u00e9e de la structuration de l\u2019eau varie pour chaque CEF-Bracelet. R\u00e9f\u00e9rez-vous au tableau qui indique le temps de structuration de l\u2019eau pour chaque CEF et chaque bracelet.<\/span><br \/><span style=\"color: #333333;\">La structuration de l\u2019eau (et tout autre produit aqueux tel que pommade, nourriture, etc.) fonctionne mieux avec un seul CEF-Bracelet \u00e0 la fois, afin de pr\u00e9server l\u2019int\u00e9gralit\u00e9 de l\u2019information.<\/span><\/p>\n\t\t\t\t\t\t<\/div>\n\t\t\t\t<\/div>\n\t\t\t\t\t<\/div>\n\t\t<\/div>\n\t\t\t\t<div class=\"elementor-column elementor-col-33 elementor-top-column elementor-element elementor-element-dfeb86a\" data-id=\"dfeb86a\" data-element_type=\"column\">\n\t\t\t<div class=\"elementor-widget-wrap elementor-element-populated\">\n\t\t\t\t\t\t<div class=\"elementor-element elementor-element-69092d8 elementor-widget elementor-widget-image\" data-id=\"69092d8\" data-element_type=\"widget\" data-widget_type=\"image.default\">\n\t\t\t\t<div class=\"elementor-widget-container\">\n\t\t\t\t\t\t\t\t\t\t\t\t\t<img fetchpriority=\"high\" decoding=\"async\" width=\"400\" height=\"463\" src=\"https:\/\/centre-region.eu\/wp-content\/uploads\/2021\/02\/Structuring-water-bracelet-2.jpg\" class=\"attachment-large size-large wp-image-17210\" alt=\"\" srcset=\"https:\/\/centre-region.eu\/wp-content\/uploads\/2021\/02\/Structuring-water-bracelet-2.jpg 400w, https:\/\/centre-region.eu\/wp-content\/uploads\/2021\/02\/Structuring-water-bracelet-2-259x300.jpg 259w\" sizes=\"(max-width: 400px) 100vw, 400px\" \/>\t\t\t\t\t\t\t\t\t\t\t\t\t<\/div>\n\t\t\t\t<\/div>\n\t\t\t\t\t<\/div>\n\t\t<\/div>\n\t\t\t\t\t<\/div>\n\t\t<\/section>\n\t\t\t\t<section class=\"elementor-section elementor-top-section elementor-element elementor-element-7b975da elementor-section-boxed elementor-section-height-default elementor-section-height-default\" data-id=\"7b975da\" data-element_type=\"section\">\n\t\t\t\t\t\t<div class=\"elementor-container elementor-column-gap-default\">\n\t\t\t\t\t<div class=\"elementor-column elementor-col-100 elementor-top-column elementor-element elementor-element-ce7baa4\" data-id=\"ce7baa4\" data-element_type=\"column\">\n\t\t\t<div class=\"elementor-widget-wrap elementor-element-populated\">\n\t\t\t\t\t\t<div class=\"elementor-element elementor-element-995c145 elementor-widget elementor-widget-text-editor\" data-id=\"995c145\" data-element_type=\"widget\" data-widget_type=\"text-editor.default\">\n\t\t\t\t<div class=\"elementor-widget-container\">\n\t\t\t\t\t\t\t<p><span style=\"color: #333333;\">La meilleure fa\u00e7on de faire profiter d\u2019autres personnes des propri\u00e9t\u00e9s du bracelet est de l\u2019utiliser pour structurer de l\u2019eau. Ainsi, tout le monde pourra la boire. <\/span><br \/><span style=\"color: #333333;\">Il est recommand\u00e9 d\u2019enlever le bracelet la nuit.<\/span><\/p>\n<p><span style=\"color: #333333;\">Le CEF-Bracelet ne doit pas \u00eatre en contact prolong\u00e9 avec de l\u2019eau. Il faut donc retirer le bracelet avant de prendre une douche. Il faut donc retirer le bracelet avant de prendre une douche.<\/span><br \/><span style=\"color: #333333;\">Il existe plusieurs fa\u00e7ons de fermer le bracelet :<\/span><\/p>\n<p><span style=\"color: #333333;\">Tenez le bracelet dans votre main, mettez-le \u00e0 l\u2019envers, ins\u00e9rez les deux fermoirs m\u00e9talliques dans les trous correspondant \u00e0 la taille de votre poignet, puis glissez le bracelet au poignet, et mettez-le \u00e0 l\u2019endroit.<\/span><\/p>\n<p><span style=\"color: #333333;\">Autrement, vous pouvez mettre le bracelet \u00e0 l\u2019envers, le mettre \u00e0 votre poignet et le fermer d\u2019une main avant de le remettre \u00e0 l\u2019endroit. Au d\u00e9but, il faut appuyer fermement pour attacher le bracelet correctement, mais au fil du temps le silicone se d\u00e9tendra et l\u2019op\u00e9ration sera ainsi plus facile, surtout si vous vous \u00eates toujours servi des m\u00eames trous pour fermer le bracelet.<\/span><\/p>\n<p><span style=\"color: #333333;\">Vous verrez que bient\u00f4t vous y arriverez comme de rien.<\/span><\/p>\n<p><span style=\"color: #333333;\">En vous servant de vos deux mains, ouvrez et fermez le bracelet \u00e0 plusieurs reprises Apr\u00e8s une dizaine de fois, vous remarquerez que les trous se seront agrandis, facilitant ainsi la fermeture du bracelet.<\/span><\/p>\n<p><span style=\"color: #333333;\">Les premi\u00e8res fois, vous pouvez \u00e9galement demander qu\u2019une autre personne vous aide \u00e0 attacher le bracelet \u00e0 votre poign\u00e9e. Encore une fois, le bracelet se d\u00e9tendra et vous serez bient\u00f4t en mesure de le mettre vous-m\u00eame.<\/span><\/p>\n<p><span style=\"color: #333333;\">Le CEF-Bracelet ne doit pas \u00eatre serr\u00e9 contre la peau mais doit pouvoir bouger librement sur la poign\u00e9e pour que toute la poign\u00e9e b\u00e9n\u00e9ficie de tous les composants du bracelet.<\/span><\/p>\n<p><span style=\"color: #333333;\">Nous vous recommandons de porter le CEF-Bracelet avec le motif sur la partie ext\u00e9rieure et avec la partie saillante \u00e0 l\u2019int\u00e9rieur. R\u00e9f\u00e9rez-vous \u00e0 la photo en haut de l\u2019article.<\/span><\/p>\n<p><span style=\"color: #333333;\">Le CEF-Bracelet lui-m\u00eame est en silicone et la boucle, en m\u00e9tal. Le bracelet contient 8 \u00e9l\u00e9ments actifs. Ce n\u2019est pas possible d\u2019ouvrir le bracelet pour voir \u00e0 l\u2019int\u00e9rieur.<\/span><\/p>\n<p><span style=\"color: #333333;\">Il ne faut pas prendre une douche ou vous baigner avec le CEF-Bracelet.<\/span><\/p>\n<p><span style=\"color: #333333;\">Si votre CEF-Bracelet est accidentellement mouill\u00e9, ce n\u2019est pas grave, vous pouvez tout simplement le s\u00e9cher \u00e0 l\u2019aide d\u2019une serviette. Un bref contact avec l\u2019eau n\u2019a aucune incidence sur son fonctionnement ; c\u2019est seulement apr\u00e8s avoir \u00e9t\u00e9 tremp\u00e9 pendant plusieurs heures dans l\u2019eau qu\u2019il risque de perdre son efficacit\u00e9. .<\/span><\/p>\n<p><span style=\"color: #333333;\">Le packaging transparent du bracelet comprendra une \u00e9tiquette avec le nom du bracelet marqu\u00e9 en anglais, en allemand et en fran\u00e7ais. Le nom en russe est grav\u00e9 \u00e0 l\u2019int\u00e9rieur du bracelet.<\/span><\/p>\n<p><span style=\"color: #333333;\">Pour diff\u00e9rencier les bracelets, \u00e0 l\u2019aide d\u2019un marker permanent, vous pouvez inscrire leur nom dans votre langue \u00e0 l\u2019int\u00e9rieur, pour que cette inscription ne soit pas visible depuis l\u2019ext\u00e9rieur (pour des raisons esth\u00e9tiques).<\/span><\/p>\n\t\t\t\t\t\t<\/div>\n\t\t\t\t<\/div>\n\t\t\t\t\t<\/div>\n\t\t<\/div>\n\t\t\t\t\t<\/div>\n\t\t<\/section>\n\t\t\t\t<section class=\"elementor-section elementor-top-section elementor-element elementor-element-c49c9d8 elementor-section-boxed elementor-section-height-default elementor-section-height-default\" data-id=\"c49c9d8\" data-element_type=\"section\">\n\t\t\t\t\t\t<div class=\"elementor-container elementor-column-gap-default\">\n\t\t\t\t\t<div class=\"elementor-column elementor-col-100 elementor-top-column elementor-element elementor-element-393c542\" data-id=\"393c542\" data-element_type=\"column\">\n\t\t\t<div class=\"elementor-widget-wrap elementor-element-populated\">\n\t\t\t\t\t\t<div class=\"elementor-element elementor-element-0549d1f elementor-widget elementor-widget-text-editor\" data-id=\"0549d1f\" data-element_type=\"widget\" data-widget_type=\"text-editor.default\">\n\t\t\t\t<div class=\"elementor-widget-container\">\n\t\t\t\t\t\t\t<p><span style=\"color: #0e9696;\"><strong>LES R\u00c9PONSES \u00c0 VOS QUESTIONS CONCERNANT LES CEF-BRACELETS<\/strong><\/p>\n\t\t\t\t\t\t<\/div>\n\t\t\t\t<\/div>\n\t\t\t\t\t<\/div>\n\t\t<\/div>\n\t\t\t\t\t<\/div>\n\t\t<\/section>\n\t\t\t\t<section class=\"elementor-section elementor-top-section elementor-element elementor-element-5b4bce7 elementor-section-boxed elementor-section-height-default elementor-section-height-default\" data-id=\"5b4bce7\" data-element_type=\"section\">\n\t\t\t\t\t\t<div class=\"elementor-container elementor-column-gap-default\">\n\t\t\t\t\t<div class=\"elementor-column elementor-col-100 elementor-top-column elementor-element elementor-element-a75467b\" data-id=\"a75467b\" data-element_type=\"column\">\n\t\t\t<div class=\"elementor-widget-wrap elementor-element-populated\">\n\t\t\t\t\t\t<div class=\"elementor-element elementor-element-4751397 elementor-widget elementor-widget-text-editor\" data-id=\"4751397\" data-element_type=\"widget\" data-widget_type=\"text-editor.default\">\n\t\t\t\t<div class=\"elementor-widget-container\">\n\t\t\t\t\t\t\t<p><span style=\"color: #333333;\">Nina Smelyh, th\u00e9rapeute et gu\u00e9risseuse, avec une grande exp\u00e9rience de CEF, r\u00e9pond ci-dessous \u00e0 quelques-unes de vos questions :<\/span><\/p>\n<p><span style=\"color: #2aa8a2;\">J\u2019ai lu que certains CEF-Bracelets contiennent la m\u00eame information \u00e9nerg\u00e9tique que quatre Correcteurs d\u2019\u00c9tat Fonctionnel. Dans ce cas, peut-on utiliser un seul CEF-Bracelet au lieu de ces quatre CEF ?<\/span><\/p>\n<p><span style=\"color: #333333;\">Il n\u2019y a pas de r\u00e9ponse claire \u00e0 cette question difficile. D\u2019apr\u00e8s moi, ce n\u2019est pas syst\u00e9matiquement le cas, car certains bracelets \u00e9mettent toute l\u2019information contenue dans ces quatre CEF, tandis que d\u2019autres bracelets n\u2019en \u00e9mettent qu\u2019une partie. Il faut garder en t\u00eate que nous avons affaire \u00e0 deux produits diff\u00e9rents, et les CEF et les bracelets ont des effets diff\u00e9rents sur le corps physique et \u00e9nerg\u00e9tique. Je traite tous mes clients individuellement, et je leur recommande soit des bracelets, soit des Correcteurs d\u2019\u00c9tat Fonctionnel en fonction de leurs besoins individuels. <\/span><\/p>\n<p><span style=\"color: #2aa8a2;\">J\u2019ai lu les instructions d\u2019utilisation du CEF-Bracelet et c\u2019est marqu\u00e9 qu\u2019on ne doit pas porter le bracelet quand on dort. Le probl\u00e8me est que lorsque je porte le bracelet en journ\u00e9e, \u00e7a me donne envie de dormir, alors est-il possible de le porter la nuit ?<\/span><\/p>\n<p><span style=\"color: #000000;\">Pour r\u00e9pondre \u00e0 votre question, je dirais que si votre CEF-Bracelet vous rend fatigu\u00e9, il se peut qu\u2019il soit trop puissant pour vous. Essayez de le porter moins longtemps.<\/span><\/p>\n<p><span style=\"color: #000000;\">M\u00eames les meilleurs appareils \u00e9nerg\u00e9tiques peuvent parfois \u00eatre trop puissants, et il est important de ne pas surcharger notre syst\u00e8me d\u2019un surcro\u00eet d\u2019information \u2013 point trop n\u2019en faut.<\/span><\/p>\n<p><span style=\"color: #000000;\">Si, apr\u00e8s avoir port\u00e9 le bracelet, vous vous sentez inhabituellement fatigu\u00e9, essayez de boire de l\u2019eau qui a \u00e9t\u00e9 structur\u00e9e \u00e0 l\u2019aide du bracelet au lieu de porter le bracelet directement sur vous, ainsi les effets seront plus doux.<\/span><\/p>\n<p><span style=\"color: #2aa8a2;\">Y a-t-il besoin de recharger les CEF-Bracelets ?<\/span><\/p>\n<p><span style=\"color: #000000;\">Les CEF-bracelets ne requi\u00e8rent qu\u2019une seule source d\u2019\u00e9nergie : l\u2019\u00e9nergie qu\u2019ils puisent de leur environnement en transformant des ondes \u00e9lectromagn\u00e9tiques en ondes scalaires. Par cons\u00e9quent ils n\u2019ont aucun besoin d\u2019\u00e9lectricit\u00e9 ni de piles. .<\/span><\/p>\n\t\t\t\t\t\t<\/div>\n\t\t\t\t<\/div>\n\t\t\t\t\t<\/div>\n\t\t<\/div>\n\t\t\t\t\t<\/div>\n\t\t<\/section>\n\t\t\t\t<section class=\"elementor-section elementor-top-section elementor-element elementor-element-d729751 elementor-section-boxed elementor-section-height-default elementor-section-height-default\" data-id=\"d729751\" data-element_type=\"section\">\n\t\t\t\t\t\t<div class=\"elementor-container elementor-column-gap-default\">\n\t\t\t\t\t<div class=\"elementor-column elementor-col-100 elementor-top-column elementor-element elementor-element-c773fac\" data-id=\"c773fac\" data-element_type=\"column\">\n\t\t\t<div class=\"elementor-widget-wrap elementor-element-populated\">\n\t\t\t\t\t\t<div class=\"elementor-element elementor-element-4e52a2b elementor-widget-divider--view-line elementor-widget elementor-widget-divider\" data-id=\"4e52a2b\" data-element_type=\"widget\" data-widget_type=\"divider.default\">\n\t\t\t\t<div class=\"elementor-widget-container\">\n\t\t\t\t\t<div class=\"elementor-divider\">\n\t\t\t<span class=\"elementor-divider-separator\">\n\t\t\t\t\t\t<\/span>\n\t\t<\/div>\n\t\t\t\t<\/div>\n\t\t\t\t<\/div>\n\t\t\t\t\t<\/div>\n\t\t<\/div>\n\t\t\t\t\t<\/div>\n\t\t<\/section>\n\t\t\t\t<section class=\"elementor-section elementor-top-section elementor-element elementor-element-3367812 elementor-section-boxed elementor-section-height-default elementor-section-height-default\" data-id=\"3367812\" data-element_type=\"section\">\n\t\t\t\t\t\t<div class=\"elementor-container elementor-column-gap-default\">\n\t\t\t\t\t<div class=\"elementor-column elementor-col-100 elementor-top-column elementor-element elementor-element-be17445\" data-id=\"be17445\" data-element_type=\"column\">\n\t\t\t<div class=\"elementor-widget-wrap elementor-element-populated\">\n\t\t\t\t\t\t<div class=\"elementor-element elementor-element-722db5f elementor-widget elementor-widget-text-editor\" data-id=\"722db5f\" data-element_type=\"widget\" data-widget_type=\"text-editor.default\">\n\t\t\t\t<div class=\"elementor-widget-container\">\n\t\t\t\t\t\t\t<p><strong><span style=\"color: #000000;\">Dur\u00e9e de structuration de l\u2019eau&nbsp;<\/span><\/strong><\/p>\n<p><span style=\"color: #000000;\">BRACELET \u00ab ENCHANTERESSE \u00bb &#8211; 1 heure 20 min<\/span><br \/><span style=\"color: #000000;\">BRACELET \u00ab FITNESS \u00bb &#8211; 40 min<\/span><br \/><span style=\"color: #000000;\">BRACELET \u00ab BOUCLIER IMMUNITAIRE \u00bb &#8211; 2 heures<\/span><br \/><span style=\"color: #000000;\">BRACELET \u00ab GRACE \u00bb &#8211; 1 heure 10 min<\/span><br \/><span style=\"color: #000000;\">BRACELET \u00ab MAGNAT \u00bb &#8211; 20 min<\/span><br \/><span style=\"color: #000000;\">BRACELET \u00ab CARDIO \u00bb &#8211; 2 heures<\/span><br \/><span style=\"color: #000000;\">BRACELET \u00ab CIGOGNE \u00bb &#8211; 3 heures<\/span><br \/><span style=\"color: #000000;\">BRACELET \u00ab ACTIVATEUR D&#8217;INTELLECT \u00bb &#8211; 30 min<\/span><br \/><span style=\"color: #000000;\">BRACELET \u00ab NAVIGATEUR DE SANT\u00c9 \u00bb &#8211; 30 min<\/span><br \/><span style=\"color: #000000;\">BRACELET \u00ab VENORM \u00bb &#8211; 2 heures<\/span><br \/><span style=\"color: #000000;\">BRACELET \u00ab PUISSANCE DE LA LUMI\u00c8RE \u00bb &#8211; 2 heures<\/span><br \/><span style=\"color: #000000;\">BRACELET \u00ab VITABALANCE \u00bb &#8211; 1 heure<\/span><br \/><span style=\"color: #000000;\">BRACELET \u00ab RENOUVELLEMENT \u00bb &#8211; 1 heure 20 min<\/span><br \/><span style=\"color: #000000;\">BRACELET \u00ab PRISE DE CONSCIENCE \u00bb &#8211; 4 heures<\/span><\/p>\n\t\t\t\t\t\t<\/div>\n\t\t\t\t<\/div>\n\t\t\t\t\t<\/div>\n\t\t<\/div>\n\t\t\t\t\t<\/div>\n\t\t<\/section>\n\t\t\t\t<\/div>\n\t\t","protected":false},"excerpt":{"rendered":"<p>Le CEF-Bracelet peut \u00eatre port\u00e9 de mani\u00e8re permanente ou seulement occasionnelle en fonction des probl\u00e8mes de chaque utilisateur. Si vous souhaitez porter simultan\u00e9ment deux CEF-Bracelets ou plus, il est pr\u00e9f\u00e9rable de les porter \u00e0 vos deux poign\u00e9es ou \u00e0 vos deux chevilles. Il est important de bien \u00e9couter ce que votre corps vous dit, car &hellip;<\/p>\n<p class=\"read-more\"> <a class=\"\" href=\"https:\/\/centre-region.eu\/fr\/recommendations-pour-lutilisation-de-cef-bracelets\/\"> <span class=\"screen-reader-text\">RECOMMENDATIONS POUR L\u2019UTILISATION DE CEF-BRACELETS<\/span> Lire la suite\u00a0\u00bb<\/a><\/p>\n","protected":false},"author":6,"featured_media":17202,"comment_status":"open","ping_status":"open","sticky":false,"template":"","format":"standard","meta":{"site-sidebar-layout":"default","site-content-layout":"default","ast-global-header-display":"","ast-main-header-display":"","ast-hfb-above-header-display":"","ast-hfb-below-header-display":"","ast-hfb-mobile-header-display":"","site-post-title":"","ast-breadcrumbs-content":"","ast-featured-img":"","footer-sml-layout":"","theme-transparent-header-meta":"default","adv-header-id-meta":"","stick-header-meta":"","header-above-stick-meta":"","header-main-stick-meta":"","header-below-stick-meta":"","footnotes":""},"categories":[126],"tags":[],"class_list":["post-17230","post","type-post","status-publish","format-standard","has-post-thumbnail","hentry","category-fsc-fr"],"acf":[],"yoast_head":"<!-- This site is optimized with the Yoast SEO plugin v22.2 - https:\/\/yoast.com\/wordpress\/plugins\/seo\/ -->\n<title>RECOMMENDATIONS POUR L\u2019UTILISATION DE CEF-BRACELETS - Centre-Region<\/title>\n<meta name=\"robots\" content=\"index, follow, max-snippet:-1, max-image-preview:large, max-video-preview:-1\" \/>\n<link rel=\"canonical\" href=\"https:\/\/centre-region.eu\/fr\/recommendations-pour-lutilisation-de-cef-bracelets\/\" \/>\n<meta property=\"og:locale\" content=\"fr_FR\" \/>\n<meta property=\"og:type\" content=\"article\" \/>\n<meta property=\"og:title\" content=\"RECOMMENDATIONS POUR L\u2019UTILISATION DE CEF-BRACELETS - Centre-Region\" \/>\n<meta property=\"og:description\" content=\"Le CEF-Bracelet peut \u00eatre port\u00e9 de mani\u00e8re permanente ou seulement occasionnelle en fonction des probl\u00e8mes de chaque utilisateur. Si vous souhaitez porter simultan\u00e9ment deux CEF-Bracelets ou plus, il est pr\u00e9f\u00e9rable de les porter \u00e0 vos deux poign\u00e9es ou \u00e0 vos deux chevilles. Il est important de bien \u00e9couter ce que votre corps vous dit, car &hellip; RECOMMENDATIONS POUR L\u2019UTILISATION DE CEF-BRACELETS Lire la suite\u00a0\u00bb\" \/>\n<meta property=\"og:url\" content=\"https:\/\/centre-region.eu\/fr\/recommendations-pour-lutilisation-de-cef-bracelets\/\" \/>\n<meta property=\"og:site_name\" content=\"Centre-Region\" \/>\n<meta property=\"article:published_time\" content=\"2021-02-10T01:25:48+00:00\" \/>\n<meta property=\"article:modified_time\" content=\"2021-02-17T16:16:04+00:00\" \/>\n<meta property=\"og:image\" content=\"https:\/\/centre-region.eu\/wp-content\/uploads\/2021\/02\/Bracelet-how-to-use-1-FR.jpg\" \/>\n\t<meta property=\"og:image:width\" content=\"803\" \/>\n\t<meta property=\"og:image:height\" content=\"445\" \/>\n\t<meta property=\"og:image:type\" content=\"image\/jpeg\" \/>\n<meta name=\"author\" content=\"Svetlana Koltsova\" \/>\n<meta name=\"twitter:card\" content=\"summary_large_image\" \/>\n<meta name=\"twitter:label1\" content=\"\u00c9crit par\" \/>\n\t<meta name=\"twitter:data1\" content=\"Svetlana Koltsova\" \/>\n\t<meta name=\"twitter:label2\" content=\"Dur\u00e9e de lecture estim\u00e9e\" \/>\n\t<meta name=\"twitter:data2\" content=\"5 minutes\" \/>\n<script type=\"application\/ld+json\" class=\"yoast-schema-graph\">{\"@context\":\"https:\/\/schema.org\",\"@graph\":[{\"@type\":\"Article\",\"@id\":\"https:\/\/centre-region.eu\/fr\/recommendations-pour-lutilisation-de-cef-bracelets\/#article\",\"isPartOf\":{\"@id\":\"https:\/\/centre-region.eu\/fr\/recommendations-pour-lutilisation-de-cef-bracelets\/\"},\"author\":{\"name\":\"Svetlana Koltsova\",\"@id\":\"https:\/\/centre-region.eu\/fr\/#\/schema\/person\/b27468957ed439a55f1e034500e09e2b\"},\"headline\":\"RECOMMENDATIONS POUR L\u2019UTILISATION DE CEF-BRACELETS\",\"datePublished\":\"2021-02-10T01:25:48+00:00\",\"dateModified\":\"2021-02-17T16:16:04+00:00\",\"mainEntityOfPage\":{\"@id\":\"https:\/\/centre-region.eu\/fr\/recommendations-pour-lutilisation-de-cef-bracelets\/\"},\"wordCount\":1198,\"commentCount\":0,\"publisher\":{\"@id\":\"https:\/\/centre-region.eu\/fr\/#organization\"},\"image\":{\"@id\":\"https:\/\/centre-region.eu\/fr\/recommendations-pour-lutilisation-de-cef-bracelets\/#primaryimage\"},\"thumbnailUrl\":\"https:\/\/centre-region.eu\/wp-content\/uploads\/2021\/02\/Bracelet-how-to-use-1-FR.jpg\",\"articleSection\":[\"Functional State Correctors\"],\"inLanguage\":\"fr-FR\",\"potentialAction\":[{\"@type\":\"CommentAction\",\"name\":\"Comment\",\"target\":[\"https:\/\/centre-region.eu\/fr\/recommendations-pour-lutilisation-de-cef-bracelets\/#respond\"]}]},{\"@type\":\"WebPage\",\"@id\":\"https:\/\/centre-region.eu\/fr\/recommendations-pour-lutilisation-de-cef-bracelets\/\",\"url\":\"https:\/\/centre-region.eu\/fr\/recommendations-pour-lutilisation-de-cef-bracelets\/\",\"name\":\"RECOMMENDATIONS POUR L\u2019UTILISATION DE CEF-BRACELETS - Centre-Region\",\"isPartOf\":{\"@id\":\"https:\/\/centre-region.eu\/fr\/#website\"},\"primaryImageOfPage\":{\"@id\":\"https:\/\/centre-region.eu\/fr\/recommendations-pour-lutilisation-de-cef-bracelets\/#primaryimage\"},\"image\":{\"@id\":\"https:\/\/centre-region.eu\/fr\/recommendations-pour-lutilisation-de-cef-bracelets\/#primaryimage\"},\"thumbnailUrl\":\"https:\/\/centre-region.eu\/wp-content\/uploads\/2021\/02\/Bracelet-how-to-use-1-FR.jpg\",\"datePublished\":\"2021-02-10T01:25:48+00:00\",\"dateModified\":\"2021-02-17T16:16:04+00:00\",\"breadcrumb\":{\"@id\":\"https:\/\/centre-region.eu\/fr\/recommendations-pour-lutilisation-de-cef-bracelets\/#breadcrumb\"},\"inLanguage\":\"fr-FR\",\"potentialAction\":[{\"@type\":\"ReadAction\",\"target\":[\"https:\/\/centre-region.eu\/fr\/recommendations-pour-lutilisation-de-cef-bracelets\/\"]}]},{\"@type\":\"ImageObject\",\"inLanguage\":\"fr-FR\",\"@id\":\"https:\/\/centre-region.eu\/fr\/recommendations-pour-lutilisation-de-cef-bracelets\/#primaryimage\",\"url\":\"https:\/\/centre-region.eu\/wp-content\/uploads\/2021\/02\/Bracelet-how-to-use-1-FR.jpg\",\"contentUrl\":\"https:\/\/centre-region.eu\/wp-content\/uploads\/2021\/02\/Bracelet-how-to-use-1-FR.jpg\",\"width\":803,\"height\":445},{\"@type\":\"BreadcrumbList\",\"@id\":\"https:\/\/centre-region.eu\/fr\/recommendations-pour-lutilisation-de-cef-bracelets\/#breadcrumb\",\"itemListElement\":[{\"@type\":\"ListItem\",\"position\":1,\"name\":\"Home\",\"item\":\"https:\/\/centre-region.eu\/fr\/\"},{\"@type\":\"ListItem\",\"position\":2,\"name\":\"RECOMMENDATIONS POUR L\u2019UTILISATION DE CEF-BRACELETS\"}]},{\"@type\":\"WebSite\",\"@id\":\"https:\/\/centre-region.eu\/fr\/#website\",\"url\":\"https:\/\/centre-region.eu\/fr\/\",\"name\":\"Centre-Region\",\"description\":\"official European representative of the \u00abCentre Region\u00bb company\",\"publisher\":{\"@id\":\"https:\/\/centre-region.eu\/fr\/#organization\"},\"potentialAction\":[{\"@type\":\"SearchAction\",\"target\":{\"@type\":\"EntryPoint\",\"urlTemplate\":\"https:\/\/centre-region.eu\/fr\/?s={search_term_string}\"},\"query-input\":\"required name=search_term_string\"}],\"inLanguage\":\"fr-FR\"},{\"@type\":\"Organization\",\"@id\":\"https:\/\/centre-region.eu\/fr\/#organization\",\"name\":\"Centre-Region\",\"url\":\"https:\/\/centre-region.eu\/fr\/\",\"logo\":{\"@type\":\"ImageObject\",\"inLanguage\":\"fr-FR\",\"@id\":\"https:\/\/centre-region.eu\/fr\/#\/schema\/logo\/image\/\",\"url\":\"https:\/\/centre-region.eu\/wp-content\/uploads\/2019\/11\/Logo-Centre-Region-eu-5-1.svg\",\"contentUrl\":\"https:\/\/centre-region.eu\/wp-content\/uploads\/2019\/11\/Logo-Centre-Region-eu-5-1.svg\",\"caption\":\"Centre-Region\"},\"image\":{\"@id\":\"https:\/\/centre-region.eu\/fr\/#\/schema\/logo\/image\/\"}},{\"@type\":\"Person\",\"@id\":\"https:\/\/centre-region.eu\/fr\/#\/schema\/person\/b27468957ed439a55f1e034500e09e2b\",\"name\":\"Svetlana Koltsova\",\"image\":{\"@type\":\"ImageObject\",\"inLanguage\":\"fr-FR\",\"@id\":\"https:\/\/centre-region.eu\/fr\/#\/schema\/person\/image\/\",\"url\":\"https:\/\/secure.gravatar.com\/avatar\/ca0c22c505afe96107b1960c7c989f9e1549f5a99c1ce5ba9d768083ffc77627?s=96&d=mm&r=g\",\"contentUrl\":\"https:\/\/secure.gravatar.com\/avatar\/ca0c22c505afe96107b1960c7c989f9e1549f5a99c1ce5ba9d768083ffc77627?s=96&d=mm&r=g\",\"caption\":\"Svetlana Koltsova\"},\"url\":\"https:\/\/centre-region.eu\/fr\/author\/svetlana-koltsova\/\"}]}<\/script>\n<!-- \/ Yoast SEO plugin. -->","yoast_head_json":{"title":"RECOMMENDATIONS POUR L\u2019UTILISATION DE CEF-BRACELETS - Centre-Region","robots":{"index":"index","follow":"follow","max-snippet":"max-snippet:-1","max-image-preview":"max-image-preview:large","max-video-preview":"max-video-preview:-1"},"canonical":"https:\/\/centre-region.eu\/fr\/recommendations-pour-lutilisation-de-cef-bracelets\/","og_locale":"fr_FR","og_type":"article","og_title":"RECOMMENDATIONS POUR L\u2019UTILISATION DE CEF-BRACELETS - Centre-Region","og_description":"Le CEF-Bracelet peut \u00eatre port\u00e9 de mani\u00e8re permanente ou seulement occasionnelle en fonction des probl\u00e8mes de chaque utilisateur. Si vous souhaitez porter simultan\u00e9ment deux CEF-Bracelets ou plus, il est pr\u00e9f\u00e9rable de les porter \u00e0 vos deux poign\u00e9es ou \u00e0 vos deux chevilles. Il est important de bien \u00e9couter ce que votre corps vous dit, car &hellip; RECOMMENDATIONS POUR L\u2019UTILISATION DE CEF-BRACELETS Lire la suite\u00a0\u00bb","og_url":"https:\/\/centre-region.eu\/fr\/recommendations-pour-lutilisation-de-cef-bracelets\/","og_site_name":"Centre-Region","article_published_time":"2021-02-10T01:25:48+00:00","article_modified_time":"2021-02-17T16:16:04+00:00","og_image":[{"width":803,"height":445,"url":"https:\/\/centre-region.eu\/wp-content\/uploads\/2021\/02\/Bracelet-how-to-use-1-FR.jpg","type":"image\/jpeg"}],"author":"Svetlana Koltsova","twitter_card":"summary_large_image","twitter_misc":{"\u00c9crit par":"Svetlana Koltsova","Dur\u00e9e de lecture estim\u00e9e":"5 minutes"},"schema":{"@context":"https:\/\/schema.org","@graph":[{"@type":"Article","@id":"https:\/\/centre-region.eu\/fr\/recommendations-pour-lutilisation-de-cef-bracelets\/#article","isPartOf":{"@id":"https:\/\/centre-region.eu\/fr\/recommendations-pour-lutilisation-de-cef-bracelets\/"},"author":{"name":"Svetlana Koltsova","@id":"https:\/\/centre-region.eu\/fr\/#\/schema\/person\/b27468957ed439a55f1e034500e09e2b"},"headline":"RECOMMENDATIONS POUR L\u2019UTILISATION DE CEF-BRACELETS","datePublished":"2021-02-10T01:25:48+00:00","dateModified":"2021-02-17T16:16:04+00:00","mainEntityOfPage":{"@id":"https:\/\/centre-region.eu\/fr\/recommendations-pour-lutilisation-de-cef-bracelets\/"},"wordCount":1198,"commentCount":0,"publisher":{"@id":"https:\/\/centre-region.eu\/fr\/#organization"},"image":{"@id":"https:\/\/centre-region.eu\/fr\/recommendations-pour-lutilisation-de-cef-bracelets\/#primaryimage"},"thumbnailUrl":"https:\/\/centre-region.eu\/wp-content\/uploads\/2021\/02\/Bracelet-how-to-use-1-FR.jpg","articleSection":["Functional State Correctors"],"inLanguage":"fr-FR","potentialAction":[{"@type":"CommentAction","name":"Comment","target":["https:\/\/centre-region.eu\/fr\/recommendations-pour-lutilisation-de-cef-bracelets\/#respond"]}]},{"@type":"WebPage","@id":"https:\/\/centre-region.eu\/fr\/recommendations-pour-lutilisation-de-cef-bracelets\/","url":"https:\/\/centre-region.eu\/fr\/recommendations-pour-lutilisation-de-cef-bracelets\/","name":"RECOMMENDATIONS POUR L\u2019UTILISATION DE CEF-BRACELETS - Centre-Region","isPartOf":{"@id":"https:\/\/centre-region.eu\/fr\/#website"},"primaryImageOfPage":{"@id":"https:\/\/centre-region.eu\/fr\/recommendations-pour-lutilisation-de-cef-bracelets\/#primaryimage"},"image":{"@id":"https:\/\/centre-region.eu\/fr\/recommendations-pour-lutilisation-de-cef-bracelets\/#primaryimage"},"thumbnailUrl":"https:\/\/centre-region.eu\/wp-content\/uploads\/2021\/02\/Bracelet-how-to-use-1-FR.jpg","datePublished":"2021-02-10T01:25:48+00:00","dateModified":"2021-02-17T16:16:04+00:00","breadcrumb":{"@id":"https:\/\/centre-region.eu\/fr\/recommendations-pour-lutilisation-de-cef-bracelets\/#breadcrumb"},"inLanguage":"fr-FR","potentialAction":[{"@type":"ReadAction","target":["https:\/\/centre-region.eu\/fr\/recommendations-pour-lutilisation-de-cef-bracelets\/"]}]},{"@type":"ImageObject","inLanguage":"fr-FR","@id":"https:\/\/centre-region.eu\/fr\/recommendations-pour-lutilisation-de-cef-bracelets\/#primaryimage","url":"https:\/\/centre-region.eu\/wp-content\/uploads\/2021\/02\/Bracelet-how-to-use-1-FR.jpg","contentUrl":"https:\/\/centre-region.eu\/wp-content\/uploads\/2021\/02\/Bracelet-how-to-use-1-FR.jpg","width":803,"height":445},{"@type":"BreadcrumbList","@id":"https:\/\/centre-region.eu\/fr\/recommendations-pour-lutilisation-de-cef-bracelets\/#breadcrumb","itemListElement":[{"@type":"ListItem","position":1,"name":"Home","item":"https:\/\/centre-region.eu\/fr\/"},{"@type":"ListItem","position":2,"name":"RECOMMENDATIONS POUR L\u2019UTILISATION DE CEF-BRACELETS"}]},{"@type":"WebSite","@id":"https:\/\/centre-region.eu\/fr\/#website","url":"https:\/\/centre-region.eu\/fr\/","name":"Centre-Region","description":"official European representative of the \u00abCentre Region\u00bb company","publisher":{"@id":"https:\/\/centre-region.eu\/fr\/#organization"},"potentialAction":[{"@type":"SearchAction","target":{"@type":"EntryPoint","urlTemplate":"https:\/\/centre-region.eu\/fr\/?s={search_term_string}"},"query-input":"required name=search_term_string"}],"inLanguage":"fr-FR"},{"@type":"Organization","@id":"https:\/\/centre-region.eu\/fr\/#organization","name":"Centre-Region","url":"https:\/\/centre-region.eu\/fr\/","logo":{"@type":"ImageObject","inLanguage":"fr-FR","@id":"https:\/\/centre-region.eu\/fr\/#\/schema\/logo\/image\/","url":"https:\/\/centre-region.eu\/wp-content\/uploads\/2019\/11\/Logo-Centre-Region-eu-5-1.svg","contentUrl":"https:\/\/centre-region.eu\/wp-content\/uploads\/2019\/11\/Logo-Centre-Region-eu-5-1.svg","caption":"Centre-Region"},"image":{"@id":"https:\/\/centre-region.eu\/fr\/#\/schema\/logo\/image\/"}},{"@type":"Person","@id":"https:\/\/centre-region.eu\/fr\/#\/schema\/person\/b27468957ed439a55f1e034500e09e2b","name":"Svetlana Koltsova","image":{"@type":"ImageObject","inLanguage":"fr-FR","@id":"https:\/\/centre-region.eu\/fr\/#\/schema\/person\/image\/","url":"https:\/\/secure.gravatar.com\/avatar\/ca0c22c505afe96107b1960c7c989f9e1549f5a99c1ce5ba9d768083ffc77627?s=96&d=mm&r=g","contentUrl":"https:\/\/secure.gravatar.com\/avatar\/ca0c22c505afe96107b1960c7c989f9e1549f5a99c1ce5ba9d768083ffc77627?s=96&d=mm&r=g","caption":"Svetlana Koltsova"},"url":"https:\/\/centre-region.eu\/fr\/author\/svetlana-koltsova\/"}]}},"_links":{"self":[{"href":"https:\/\/centre-region.eu\/fr\/wp-json\/wp\/v2\/posts\/17230","targetHints":{"allow":["GET"]}}],"collection":[{"href":"https:\/\/centre-region.eu\/fr\/wp-json\/wp\/v2\/posts"}],"about":[{"href":"https:\/\/centre-region.eu\/fr\/wp-json\/wp\/v2\/types\/post"}],"author":[{"embeddable":true,"href":"https:\/\/centre-region.eu\/fr\/wp-json\/wp\/v2\/users\/6"}],"replies":[{"embeddable":true,"href":"https:\/\/centre-region.eu\/fr\/wp-json\/wp\/v2\/comments?post=17230"}],"version-history":[{"count":16,"href":"https:\/\/centre-region.eu\/fr\/wp-json\/wp\/v2\/posts\/17230\/revisions"}],"predecessor-version":[{"id":17315,"href":"https:\/\/centre-region.eu\/fr\/wp-json\/wp\/v2\/posts\/17230\/revisions\/17315"}],"wp:featuredmedia":[{"embeddable":true,"href":"https:\/\/centre-region.eu\/fr\/wp-json\/wp\/v2\/media\/17202"}],"wp:attachment":[{"href":"https:\/\/centre-region.eu\/fr\/wp-json\/wp\/v2\/media?parent=17230"}],"wp:term":[{"taxonomy":"category","embeddable":true,"href":"https:\/\/centre-region.eu\/fr\/wp-json\/wp\/v2\/categories?post=17230"},{"taxonomy":"post_tag","embeddable":true,"href":"https:\/\/centre-region.eu\/fr\/wp-json\/wp\/v2\/tags?post=17230"}],"curies":[{"name":"wp","href":"https:\/\/api.w.org\/{rel}","templated":true}]}}