{"id":16183,"date":"2020-10-31T22:59:31","date_gmt":"2020-10-31T22:59:31","guid":{"rendered":"https:\/\/www.centre-region.eu\/peut-on-combiner-lutilisation-des-correcteurs-detat-fonctionnel-et-des-produits-piokal\/"},"modified":"2020-10-31T23:01:24","modified_gmt":"2020-10-31T23:01:24","slug":"peut-on-combiner-lutilisation-des-correcteurs-detat-fonctionnel-et-des-produits-piokal","status":"publish","type":"post","link":"https:\/\/centre-region.eu\/fr\/peut-on-combiner-lutilisation-des-correcteurs-detat-fonctionnel-et-des-produits-piokal\/","title":{"rendered":"PEUT-ON COMBINER L\u2019UTILISATION DES CORRECTEURS D\u2019ETAT FONCTIONNEL ET DES PRODUITS PIOKAL ?"},"content":{"rendered":"\t\t<div data-elementor-type=\"wp-post\" data-elementor-id=\"16183\" class=\"elementor elementor-16183 elementor-16174\" data-elementor-post-type=\"post\">\n\t\t\t\t\t\t<section class=\"elementor-section elementor-top-section elementor-element elementor-element-1da5e78 elementor-section-boxed elementor-section-height-default elementor-section-height-default\" data-id=\"1da5e78\" data-element_type=\"section\">\n\t\t\t\t\t\t<div class=\"elementor-container elementor-column-gap-default\">\n\t\t\t\t\t<div class=\"elementor-column elementor-col-100 elementor-top-column elementor-element elementor-element-ae2ff78\" data-id=\"ae2ff78\" data-element_type=\"column\">\n\t\t\t<div class=\"elementor-widget-wrap elementor-element-populated\">\n\t\t\t\t\t\t<div class=\"elementor-element elementor-element-3ad5013 elementor-widget elementor-widget-text-editor\" data-id=\"3ad5013\" data-element_type=\"widget\" data-widget_type=\"text-editor.default\">\n\t\t\t\t<div class=\"elementor-widget-container\">\n\t\t\t\t\t\t\t<p>Chers lecteurs,<\/p>\n<p>Cet article est destin\u00e9 \u00e0 r\u00e9pondre \u00e0 votre question la plus fr\u00e9quemment pos\u00e9e : \u00ab Peut-on utiliser les produits PIOKAL avec les Correcteurs d\u2019Etat Fonctionnel ? \u00bb<\/p>\n<p>Notre r\u00e9ponse : \u00ab Oui, bien-s\u00fbr ! Les Correcteurs d\u2019Etat Fonctionnel et les stimulateurs PIOKAL sont compl\u00e9mentaires et leur utilisation conjointe renforce leurs effets \u00bb.<\/p>\n<p>Tous nos produits ayant un effet sur la bio\u00e9nerg\u00e9tique, commen\u00e7ons notre article en parlant de cette derni\u00e8re.<\/p>\n<p>Durant de nombreux si\u00e8cles, en Chine, au Tibet, au Japon, en Inde et dans d&#8217;autres pays, la vie \u00e9tait repr\u00e9sent\u00e9e sous la forme d\u2019une \u00e9nergie vibrante bio\u00e9lectrique. C\u2019est gr\u00e2ce \u00e0 cette \u00e9nergie que nous pouvons nous mouvoir, respirer, nous nourrir, penser et ressentir les choses. D\u2019apr\u00e8s les grands savants de l\u2019antiquit\u00e9, ce n&#8217;est pas simplement que l\u2019\u00e9nergie circule dans notre corps, mais selon un sch\u00e9ma tr\u00e8s pr\u00e9cis, en empruntant des canaux particuliers appel\u00e9s m\u00e9ridiens.<\/p>\n<p>Ces canaux ou m\u00e9ridiens sont destin\u00e9s \u00e0 transporter de l\u2019\u00e9nergie vitale dans l\u2019ensemble du corps humain. Quand l\u2019un de ces canaux est bouch\u00e9, cela provoque une perte d&#8217;alimentation en \u00e9nergie dans certaines parties du corps et un exc\u00e8s dans d\u2019autres. Ces blocages d\u2019\u00e9nergie peuvent r\u00e9sulter d\u2019un stress, d\u2019un traumatisme, de mauvaises habitudes, d\u2019un r\u00e9gime alimentaire trop s\u00e9v\u00e8re, de l\u2019absence d\u2019exercices physiques et peuvent \u00eatre la cause de toutes sortes de troubles de sant\u00e9 (aussi bien physiques, que psychiques ou spirituels).<\/p>\n<p>Les flux d\u2019\u00e9nergie circulant dans notre corps affectent la fa\u00e7on dont nous nous sentons, dont nous pensons, et d\u00e9terminent notre \u00e9tat de sant\u00e9 g\u00e9n\u00e9ral. Quand cette \u00e9nergie de force vive est bloqu\u00e9e, diff\u00e9rents d\u00e9s\u00e9quilibres se produisent et avec eux diff\u00e9rents probl\u00e8mes de diff\u00e9rentes gravit\u00e9s apparaissent. La principale fonction des stimulateurs PIOKAL est de d\u00e9bloquer les encombrements qui touchent les flux d\u2019\u00e9nergie. Diffusant la propre \u00e9nergie de l\u2019homme et la renfor\u00e7ant petit \u00e0 petit, les biostimulateurs d\u2019\u00e9nergie ouvrent en quelque-sorte des br\u00e8ches dans les canaux \u00e9nerg\u00e9tiques bouch\u00e9s pour permettre \u00e0 l\u2019\u00e9nergie de circuler librement.<\/p>\n<p>L\u2019utilisation combin\u00e9e des Correcteurs d\u2019Etat Fonctionnel permet d\u2019harmoniser l\u2019environnement ext\u00e9rieur en transformant les ondes \u00e9lectromagn\u00e9tiques n\u00e9gatives en \u00e9nergie scalaire, dont l\u2019effet sur le champ \u00e9nerg\u00e9tique de notre corps est extr\u00eamement positif.<\/p>\n<p>L\u2019homme n\u2019est pas capable de percevoir ou de ressentir le champ \u00e9lectromagn\u00e9tique qui provient des appareils m\u00e9nagers fonctionnant \u00e0 l\u2019\u00e9lectricit\u00e9. Les effets de ce rayonnement n\u2019apparaissent pas imm\u00e9diatement, mais suite \u00e0 une accumulation. Les syst\u00e8me nerveux, cardio-vasculaire, immunitaire, endocrinien et reproducteur de notre organisme sont particuli\u00e8rement sensibles aux effets du rayonnement \u00e9lectromagn\u00e9tique.<\/p>\n<p>L\u2019\u00e9tude de l\u2019influence de ces champs sur l\u2019\u00e9tat fonctionnel de l\u2019organisme humain montre que leurs effets n\u00e9gatifs sont li\u00e9s \u00e0 un trouble du processus d\u2019\u00e9change des informations qui partent de ces syst\u00e8mes et des organes et qui finissent aux niveaux cellulaire et mol\u00e9culaire de l\u2019organisme.<\/p>\n<p>En ajoutant de l\u2019eau biodynamique structur\u00e9e \u00e0 l\u2019aide des Correcteurs d\u2019Etat Fonctionnel, nous exer\u00e7ons un effet positif sur tous les syst\u00e8mes fonctionnels de l\u2019organisme \u00e9tant donn\u00e9 que le sang, la lymphe, l\u2019urine, la salive, les larmes et la bile sont constitu\u00e9s d\u2019eau dans laquelle sont dissoutes diverses substances. L\u2019eau exerce des fonctions vitales particuli\u00e8rement importantes : elle participe au processus respiratoire et \u00e0 la r\u00e9gulation thermique, enrichit les cellules en substances nutritives et purifie des effets n\u00e9gatifs de l\u2019activit\u00e9 vitale.<\/p>\n<p>Pour plus de clart\u00e9, terminons par ce qui suit :<\/p>\n<p>Principales fonctions des biostimulateurs PIOKAL<\/p>\n<ul>\n<li>D\u00e9blocage de l\u2019\u00e9nergie<\/li>\n<li>Stimulation du processus naturel d\u2019\u00e9limination des toxines et autres souillures de l\u2019organisme<\/li>\n<li>Am\u00e9lioration de la microcirculation sanguine<\/li>\n<\/ul>\n<p>Principales fonctions des CEF<\/p>\n<ul>\n<li>Protection contre les rayonnements \u00e9lectromagn\u00e9tiques agressifs<\/li>\n<li>Structuration des milieux liquides<\/li>\n<li>Synchronisation des rythmes int\u00e9rieurs de l\u2019organisme avec les rythmes ext\u00e9rieurs<\/li>\n<li>R\u00e9\u00e9quilibrage \u00e9nerg\u00e9tique sur tous les plans<\/li>\n<\/ul>\n<p class=\"MsoNormal\">Il est \u00e9vident, au vu de ce qui a \u00e9t\u00e9 \u00e9nonc\u00e9 ci-dessus, que les produits PIOKAL et les Correcteurs d\u2019Etat Fonctionnel pr\u00e9sentent des fonctions essentielles diff\u00e9rentes. En combinant les deux, nous obtenons une interaction th\u00e9rapeutique unique sur l\u2019\u00e9tat \u00e9nerg\u00e9tique d\u2019un individu. C\u2019est la raison pour laquelle nous recommandons vivement de combiner l\u2019utilisation des stimulateurs PIOKAL et des Correcteurs d\u2019Etat Fonctionnel pour obtenir le meilleur r\u00e9sultat qui soit.<\/p>\n\t\t\t\t\t\t<\/div>\n\t\t\t\t<\/div>\n\t\t\t\t\t<\/div>\n\t\t<\/div>\n\t\t\t\t\t<\/div>\n\t\t<\/section>\n\t\t\t\t<\/div>\n\t\t","protected":false},"excerpt":{"rendered":"<p>Chers lecteurs, Cet article est destin\u00e9 \u00e0 r\u00e9pondre \u00e0 votre question la plus fr\u00e9quemment pos\u00e9e : \u00ab Peut-on utiliser les produits PIOKAL avec les Correcteurs d\u2019Etat Fonctionnel ? \u00bb Notre r\u00e9ponse : \u00ab Oui, bien-s\u00fbr ! Les Correcteurs d\u2019Etat Fonctionnel et les stimulateurs PIOKAL sont compl\u00e9mentaires et leur utilisation conjointe renforce leurs effets \u00bb. Tous &hellip;<\/p>\n<p class=\"read-more\"> <a class=\"\" href=\"https:\/\/centre-region.eu\/fr\/peut-on-combiner-lutilisation-des-correcteurs-detat-fonctionnel-et-des-produits-piokal\/\"> <span class=\"screen-reader-text\">PEUT-ON COMBINER L\u2019UTILISATION DES CORRECTEURS D\u2019ETAT FONCTIONNEL ET DES PRODUITS PIOKAL ?<\/span> Lire la suite\u00a0\u00bb<\/a><\/p>\n","protected":false},"author":6,"featured_media":16181,"comment_status":"closed","ping_status":"closed","sticky":false,"template":"","format":"standard","meta":{"site-sidebar-layout":"default","site-content-layout":"default","ast-global-header-display":"","ast-main-header-display":"","ast-hfb-above-header-display":"","ast-hfb-below-header-display":"","ast-hfb-mobile-header-display":"","site-post-title":"","ast-breadcrumbs-content":"","ast-featured-img":"","footer-sml-layout":"","theme-transparent-header-meta":"default","adv-header-id-meta":"","stick-header-meta":"","header-above-stick-meta":"","header-main-stick-meta":"","header-below-stick-meta":"","footnotes":""},"categories":[126],"tags":[],"class_list":["post-16183","post","type-post","status-publish","format-standard","has-post-thumbnail","hentry","category-fsc-fr"],"acf":[],"yoast_head":"<!-- This site is optimized with the Yoast SEO plugin v22.2 - https:\/\/yoast.com\/wordpress\/plugins\/seo\/ -->\n<title>PEUT-ON COMBINER L\u2019UTILISATION DES CORRECTEURS D\u2019ETAT FONCTIONNEL ET DES PRODUITS PIOKAL ? - Centre-Region<\/title>\n<meta name=\"robots\" content=\"index, follow, max-snippet:-1, max-image-preview:large, max-video-preview:-1\" \/>\n<link rel=\"canonical\" href=\"https:\/\/centre-region.eu\/fr\/peut-on-combiner-lutilisation-des-correcteurs-detat-fonctionnel-et-des-produits-piokal\/\" \/>\n<meta property=\"og:locale\" content=\"fr_FR\" \/>\n<meta property=\"og:type\" content=\"article\" \/>\n<meta property=\"og:title\" content=\"PEUT-ON COMBINER L\u2019UTILISATION DES CORRECTEURS D\u2019ETAT FONCTIONNEL ET DES PRODUITS PIOKAL ? - Centre-Region\" \/>\n<meta property=\"og:description\" content=\"Chers lecteurs, Cet article est destin\u00e9 \u00e0 r\u00e9pondre \u00e0 votre question la plus fr\u00e9quemment pos\u00e9e : \u00ab Peut-on utiliser les produits PIOKAL avec les Correcteurs d\u2019Etat Fonctionnel ? \u00bb Notre r\u00e9ponse : \u00ab Oui, bien-s\u00fbr ! Les Correcteurs d\u2019Etat Fonctionnel et les stimulateurs PIOKAL sont compl\u00e9mentaires et leur utilisation conjointe renforce leurs effets \u00bb. Tous &hellip; PEUT-ON COMBINER L\u2019UTILISATION DES CORRECTEURS D\u2019ETAT FONCTIONNEL ET DES PRODUITS PIOKAL ? Lire la suite\u00a0\u00bb\" \/>\n<meta property=\"og:url\" content=\"https:\/\/centre-region.eu\/fr\/peut-on-combiner-lutilisation-des-correcteurs-detat-fonctionnel-et-des-produits-piokal\/\" \/>\n<meta property=\"og:site_name\" content=\"Centre-Region\" \/>\n<meta property=\"article:published_time\" content=\"2020-10-31T22:59:31+00:00\" \/>\n<meta property=\"article:modified_time\" content=\"2020-10-31T23:01:24+00:00\" \/>\n<meta property=\"og:image\" content=\"https:\/\/centre-region.eu\/wp-content\/uploads\/2020\/10\/Complex-utilisation-CEF-Piokal.jpg\" \/>\n\t<meta property=\"og:image:width\" content=\"1000\" \/>\n\t<meta property=\"og:image:height\" content=\"523\" \/>\n\t<meta property=\"og:image:type\" content=\"image\/jpeg\" \/>\n<meta name=\"author\" content=\"Svetlana Koltsova\" \/>\n<meta name=\"twitter:card\" content=\"summary_large_image\" \/>\n<meta name=\"twitter:label1\" content=\"\u00c9crit par\" \/>\n\t<meta name=\"twitter:data1\" content=\"Svetlana Koltsova\" \/>\n\t<meta name=\"twitter:label2\" content=\"Dur\u00e9e de lecture estim\u00e9e\" \/>\n\t<meta name=\"twitter:data2\" content=\"4 minutes\" \/>\n<script type=\"application\/ld+json\" class=\"yoast-schema-graph\">{\"@context\":\"https:\/\/schema.org\",\"@graph\":[{\"@type\":\"Article\",\"@id\":\"https:\/\/centre-region.eu\/fr\/peut-on-combiner-lutilisation-des-correcteurs-detat-fonctionnel-et-des-produits-piokal\/#article\",\"isPartOf\":{\"@id\":\"https:\/\/centre-region.eu\/fr\/peut-on-combiner-lutilisation-des-correcteurs-detat-fonctionnel-et-des-produits-piokal\/\"},\"author\":{\"name\":\"Svetlana Koltsova\",\"@id\":\"https:\/\/centre-region.eu\/fr\/#\/schema\/person\/b27468957ed439a55f1e034500e09e2b\"},\"headline\":\"PEUT-ON COMBINER L\u2019UTILISATION DES CORRECTEURS D\u2019ETAT FONCTIONNEL ET DES PRODUITS PIOKAL ?\",\"datePublished\":\"2020-10-31T22:59:31+00:00\",\"dateModified\":\"2020-10-31T23:01:24+00:00\",\"mainEntityOfPage\":{\"@id\":\"https:\/\/centre-region.eu\/fr\/peut-on-combiner-lutilisation-des-correcteurs-detat-fonctionnel-et-des-produits-piokal\/\"},\"wordCount\":785,\"publisher\":{\"@id\":\"https:\/\/centre-region.eu\/fr\/#organization\"},\"image\":{\"@id\":\"https:\/\/centre-region.eu\/fr\/peut-on-combiner-lutilisation-des-correcteurs-detat-fonctionnel-et-des-produits-piokal\/#primaryimage\"},\"thumbnailUrl\":\"https:\/\/centre-region.eu\/wp-content\/uploads\/2020\/10\/Complex-utilisation-CEF-Piokal.jpg\",\"articleSection\":[\"Functional State Correctors\"],\"inLanguage\":\"fr-FR\"},{\"@type\":\"WebPage\",\"@id\":\"https:\/\/centre-region.eu\/fr\/peut-on-combiner-lutilisation-des-correcteurs-detat-fonctionnel-et-des-produits-piokal\/\",\"url\":\"https:\/\/centre-region.eu\/fr\/peut-on-combiner-lutilisation-des-correcteurs-detat-fonctionnel-et-des-produits-piokal\/\",\"name\":\"PEUT-ON COMBINER L\u2019UTILISATION DES CORRECTEURS D\u2019ETAT FONCTIONNEL ET DES PRODUITS PIOKAL ? - Centre-Region\",\"isPartOf\":{\"@id\":\"https:\/\/centre-region.eu\/fr\/#website\"},\"primaryImageOfPage\":{\"@id\":\"https:\/\/centre-region.eu\/fr\/peut-on-combiner-lutilisation-des-correcteurs-detat-fonctionnel-et-des-produits-piokal\/#primaryimage\"},\"image\":{\"@id\":\"https:\/\/centre-region.eu\/fr\/peut-on-combiner-lutilisation-des-correcteurs-detat-fonctionnel-et-des-produits-piokal\/#primaryimage\"},\"thumbnailUrl\":\"https:\/\/centre-region.eu\/wp-content\/uploads\/2020\/10\/Complex-utilisation-CEF-Piokal.jpg\",\"datePublished\":\"2020-10-31T22:59:31+00:00\",\"dateModified\":\"2020-10-31T23:01:24+00:00\",\"breadcrumb\":{\"@id\":\"https:\/\/centre-region.eu\/fr\/peut-on-combiner-lutilisation-des-correcteurs-detat-fonctionnel-et-des-produits-piokal\/#breadcrumb\"},\"inLanguage\":\"fr-FR\",\"potentialAction\":[{\"@type\":\"ReadAction\",\"target\":[\"https:\/\/centre-region.eu\/fr\/peut-on-combiner-lutilisation-des-correcteurs-detat-fonctionnel-et-des-produits-piokal\/\"]}]},{\"@type\":\"ImageObject\",\"inLanguage\":\"fr-FR\",\"@id\":\"https:\/\/centre-region.eu\/fr\/peut-on-combiner-lutilisation-des-correcteurs-detat-fonctionnel-et-des-produits-piokal\/#primaryimage\",\"url\":\"https:\/\/centre-region.eu\/wp-content\/uploads\/2020\/10\/Complex-utilisation-CEF-Piokal.jpg\",\"contentUrl\":\"https:\/\/centre-region.eu\/wp-content\/uploads\/2020\/10\/Complex-utilisation-CEF-Piokal.jpg\",\"width\":1000,\"height\":523},{\"@type\":\"BreadcrumbList\",\"@id\":\"https:\/\/centre-region.eu\/fr\/peut-on-combiner-lutilisation-des-correcteurs-detat-fonctionnel-et-des-produits-piokal\/#breadcrumb\",\"itemListElement\":[{\"@type\":\"ListItem\",\"position\":1,\"name\":\"Home\",\"item\":\"https:\/\/centre-region.eu\/fr\/\"},{\"@type\":\"ListItem\",\"position\":2,\"name\":\"PEUT-ON COMBINER L\u2019UTILISATION DES CORRECTEURS D\u2019ETAT FONCTIONNEL ET DES PRODUITS PIOKAL ?\"}]},{\"@type\":\"WebSite\",\"@id\":\"https:\/\/centre-region.eu\/fr\/#website\",\"url\":\"https:\/\/centre-region.eu\/fr\/\",\"name\":\"Centre-Region\",\"description\":\"official European representative of the \u00abCentre Region\u00bb company\",\"publisher\":{\"@id\":\"https:\/\/centre-region.eu\/fr\/#organization\"},\"potentialAction\":[{\"@type\":\"SearchAction\",\"target\":{\"@type\":\"EntryPoint\",\"urlTemplate\":\"https:\/\/centre-region.eu\/fr\/?s={search_term_string}\"},\"query-input\":\"required name=search_term_string\"}],\"inLanguage\":\"fr-FR\"},{\"@type\":\"Organization\",\"@id\":\"https:\/\/centre-region.eu\/fr\/#organization\",\"name\":\"Centre-Region\",\"url\":\"https:\/\/centre-region.eu\/fr\/\",\"logo\":{\"@type\":\"ImageObject\",\"inLanguage\":\"fr-FR\",\"@id\":\"https:\/\/centre-region.eu\/fr\/#\/schema\/logo\/image\/\",\"url\":\"https:\/\/centre-region.eu\/wp-content\/uploads\/2019\/11\/Logo-Centre-Region-eu-5-1.svg\",\"contentUrl\":\"https:\/\/centre-region.eu\/wp-content\/uploads\/2019\/11\/Logo-Centre-Region-eu-5-1.svg\",\"caption\":\"Centre-Region\"},\"image\":{\"@id\":\"https:\/\/centre-region.eu\/fr\/#\/schema\/logo\/image\/\"}},{\"@type\":\"Person\",\"@id\":\"https:\/\/centre-region.eu\/fr\/#\/schema\/person\/b27468957ed439a55f1e034500e09e2b\",\"name\":\"Svetlana Koltsova\",\"image\":{\"@type\":\"ImageObject\",\"inLanguage\":\"fr-FR\",\"@id\":\"https:\/\/centre-region.eu\/fr\/#\/schema\/person\/image\/\",\"url\":\"https:\/\/secure.gravatar.com\/avatar\/ca0c22c505afe96107b1960c7c989f9e1549f5a99c1ce5ba9d768083ffc77627?s=96&d=mm&r=g\",\"contentUrl\":\"https:\/\/secure.gravatar.com\/avatar\/ca0c22c505afe96107b1960c7c989f9e1549f5a99c1ce5ba9d768083ffc77627?s=96&d=mm&r=g\",\"caption\":\"Svetlana Koltsova\"},\"url\":\"https:\/\/centre-region.eu\/fr\/author\/svetlana-koltsova\/\"}]}<\/script>\n<!-- \/ Yoast SEO plugin. -->","yoast_head_json":{"title":"PEUT-ON COMBINER L\u2019UTILISATION DES CORRECTEURS D\u2019ETAT FONCTIONNEL ET DES PRODUITS PIOKAL ? - Centre-Region","robots":{"index":"index","follow":"follow","max-snippet":"max-snippet:-1","max-image-preview":"max-image-preview:large","max-video-preview":"max-video-preview:-1"},"canonical":"https:\/\/centre-region.eu\/fr\/peut-on-combiner-lutilisation-des-correcteurs-detat-fonctionnel-et-des-produits-piokal\/","og_locale":"fr_FR","og_type":"article","og_title":"PEUT-ON COMBINER L\u2019UTILISATION DES CORRECTEURS D\u2019ETAT FONCTIONNEL ET DES PRODUITS PIOKAL ? - Centre-Region","og_description":"Chers lecteurs, Cet article est destin\u00e9 \u00e0 r\u00e9pondre \u00e0 votre question la plus fr\u00e9quemment pos\u00e9e : \u00ab Peut-on utiliser les produits PIOKAL avec les Correcteurs d\u2019Etat Fonctionnel ? \u00bb Notre r\u00e9ponse : \u00ab Oui, bien-s\u00fbr ! Les Correcteurs d\u2019Etat Fonctionnel et les stimulateurs PIOKAL sont compl\u00e9mentaires et leur utilisation conjointe renforce leurs effets \u00bb. Tous &hellip; PEUT-ON COMBINER L\u2019UTILISATION DES CORRECTEURS D\u2019ETAT FONCTIONNEL ET DES PRODUITS PIOKAL ? Lire la suite\u00a0\u00bb","og_url":"https:\/\/centre-region.eu\/fr\/peut-on-combiner-lutilisation-des-correcteurs-detat-fonctionnel-et-des-produits-piokal\/","og_site_name":"Centre-Region","article_published_time":"2020-10-31T22:59:31+00:00","article_modified_time":"2020-10-31T23:01:24+00:00","og_image":[{"width":1000,"height":523,"url":"https:\/\/centre-region.eu\/wp-content\/uploads\/2020\/10\/Complex-utilisation-CEF-Piokal.jpg","type":"image\/jpeg"}],"author":"Svetlana Koltsova","twitter_card":"summary_large_image","twitter_misc":{"\u00c9crit par":"Svetlana Koltsova","Dur\u00e9e de lecture estim\u00e9e":"4 minutes"},"schema":{"@context":"https:\/\/schema.org","@graph":[{"@type":"Article","@id":"https:\/\/centre-region.eu\/fr\/peut-on-combiner-lutilisation-des-correcteurs-detat-fonctionnel-et-des-produits-piokal\/#article","isPartOf":{"@id":"https:\/\/centre-region.eu\/fr\/peut-on-combiner-lutilisation-des-correcteurs-detat-fonctionnel-et-des-produits-piokal\/"},"author":{"name":"Svetlana Koltsova","@id":"https:\/\/centre-region.eu\/fr\/#\/schema\/person\/b27468957ed439a55f1e034500e09e2b"},"headline":"PEUT-ON COMBINER L\u2019UTILISATION DES CORRECTEURS D\u2019ETAT FONCTIONNEL ET DES PRODUITS PIOKAL ?","datePublished":"2020-10-31T22:59:31+00:00","dateModified":"2020-10-31T23:01:24+00:00","mainEntityOfPage":{"@id":"https:\/\/centre-region.eu\/fr\/peut-on-combiner-lutilisation-des-correcteurs-detat-fonctionnel-et-des-produits-piokal\/"},"wordCount":785,"publisher":{"@id":"https:\/\/centre-region.eu\/fr\/#organization"},"image":{"@id":"https:\/\/centre-region.eu\/fr\/peut-on-combiner-lutilisation-des-correcteurs-detat-fonctionnel-et-des-produits-piokal\/#primaryimage"},"thumbnailUrl":"https:\/\/centre-region.eu\/wp-content\/uploads\/2020\/10\/Complex-utilisation-CEF-Piokal.jpg","articleSection":["Functional State Correctors"],"inLanguage":"fr-FR"},{"@type":"WebPage","@id":"https:\/\/centre-region.eu\/fr\/peut-on-combiner-lutilisation-des-correcteurs-detat-fonctionnel-et-des-produits-piokal\/","url":"https:\/\/centre-region.eu\/fr\/peut-on-combiner-lutilisation-des-correcteurs-detat-fonctionnel-et-des-produits-piokal\/","name":"PEUT-ON COMBINER L\u2019UTILISATION DES CORRECTEURS D\u2019ETAT FONCTIONNEL ET DES PRODUITS PIOKAL ? - Centre-Region","isPartOf":{"@id":"https:\/\/centre-region.eu\/fr\/#website"},"primaryImageOfPage":{"@id":"https:\/\/centre-region.eu\/fr\/peut-on-combiner-lutilisation-des-correcteurs-detat-fonctionnel-et-des-produits-piokal\/#primaryimage"},"image":{"@id":"https:\/\/centre-region.eu\/fr\/peut-on-combiner-lutilisation-des-correcteurs-detat-fonctionnel-et-des-produits-piokal\/#primaryimage"},"thumbnailUrl":"https:\/\/centre-region.eu\/wp-content\/uploads\/2020\/10\/Complex-utilisation-CEF-Piokal.jpg","datePublished":"2020-10-31T22:59:31+00:00","dateModified":"2020-10-31T23:01:24+00:00","breadcrumb":{"@id":"https:\/\/centre-region.eu\/fr\/peut-on-combiner-lutilisation-des-correcteurs-detat-fonctionnel-et-des-produits-piokal\/#breadcrumb"},"inLanguage":"fr-FR","potentialAction":[{"@type":"ReadAction","target":["https:\/\/centre-region.eu\/fr\/peut-on-combiner-lutilisation-des-correcteurs-detat-fonctionnel-et-des-produits-piokal\/"]}]},{"@type":"ImageObject","inLanguage":"fr-FR","@id":"https:\/\/centre-region.eu\/fr\/peut-on-combiner-lutilisation-des-correcteurs-detat-fonctionnel-et-des-produits-piokal\/#primaryimage","url":"https:\/\/centre-region.eu\/wp-content\/uploads\/2020\/10\/Complex-utilisation-CEF-Piokal.jpg","contentUrl":"https:\/\/centre-region.eu\/wp-content\/uploads\/2020\/10\/Complex-utilisation-CEF-Piokal.jpg","width":1000,"height":523},{"@type":"BreadcrumbList","@id":"https:\/\/centre-region.eu\/fr\/peut-on-combiner-lutilisation-des-correcteurs-detat-fonctionnel-et-des-produits-piokal\/#breadcrumb","itemListElement":[{"@type":"ListItem","position":1,"name":"Home","item":"https:\/\/centre-region.eu\/fr\/"},{"@type":"ListItem","position":2,"name":"PEUT-ON COMBINER L\u2019UTILISATION DES CORRECTEURS D\u2019ETAT FONCTIONNEL ET DES PRODUITS PIOKAL ?"}]},{"@type":"WebSite","@id":"https:\/\/centre-region.eu\/fr\/#website","url":"https:\/\/centre-region.eu\/fr\/","name":"Centre-Region","description":"official European representative of the \u00abCentre Region\u00bb company","publisher":{"@id":"https:\/\/centre-region.eu\/fr\/#organization"},"potentialAction":[{"@type":"SearchAction","target":{"@type":"EntryPoint","urlTemplate":"https:\/\/centre-region.eu\/fr\/?s={search_term_string}"},"query-input":"required name=search_term_string"}],"inLanguage":"fr-FR"},{"@type":"Organization","@id":"https:\/\/centre-region.eu\/fr\/#organization","name":"Centre-Region","url":"https:\/\/centre-region.eu\/fr\/","logo":{"@type":"ImageObject","inLanguage":"fr-FR","@id":"https:\/\/centre-region.eu\/fr\/#\/schema\/logo\/image\/","url":"https:\/\/centre-region.eu\/wp-content\/uploads\/2019\/11\/Logo-Centre-Region-eu-5-1.svg","contentUrl":"https:\/\/centre-region.eu\/wp-content\/uploads\/2019\/11\/Logo-Centre-Region-eu-5-1.svg","caption":"Centre-Region"},"image":{"@id":"https:\/\/centre-region.eu\/fr\/#\/schema\/logo\/image\/"}},{"@type":"Person","@id":"https:\/\/centre-region.eu\/fr\/#\/schema\/person\/b27468957ed439a55f1e034500e09e2b","name":"Svetlana Koltsova","image":{"@type":"ImageObject","inLanguage":"fr-FR","@id":"https:\/\/centre-region.eu\/fr\/#\/schema\/person\/image\/","url":"https:\/\/secure.gravatar.com\/avatar\/ca0c22c505afe96107b1960c7c989f9e1549f5a99c1ce5ba9d768083ffc77627?s=96&d=mm&r=g","contentUrl":"https:\/\/secure.gravatar.com\/avatar\/ca0c22c505afe96107b1960c7c989f9e1549f5a99c1ce5ba9d768083ffc77627?s=96&d=mm&r=g","caption":"Svetlana Koltsova"},"url":"https:\/\/centre-region.eu\/fr\/author\/svetlana-koltsova\/"}]}},"_links":{"self":[{"href":"https:\/\/centre-region.eu\/fr\/wp-json\/wp\/v2\/posts\/16183","targetHints":{"allow":["GET"]}}],"collection":[{"href":"https:\/\/centre-region.eu\/fr\/wp-json\/wp\/v2\/posts"}],"about":[{"href":"https:\/\/centre-region.eu\/fr\/wp-json\/wp\/v2\/types\/post"}],"author":[{"embeddable":true,"href":"https:\/\/centre-region.eu\/fr\/wp-json\/wp\/v2\/users\/6"}],"replies":[{"embeddable":true,"href":"https:\/\/centre-region.eu\/fr\/wp-json\/wp\/v2\/comments?post=16183"}],"version-history":[{"count":3,"href":"https:\/\/centre-region.eu\/fr\/wp-json\/wp\/v2\/posts\/16183\/revisions"}],"predecessor-version":[{"id":16186,"href":"https:\/\/centre-region.eu\/fr\/wp-json\/wp\/v2\/posts\/16183\/revisions\/16186"}],"wp:featuredmedia":[{"embeddable":true,"href":"https:\/\/centre-region.eu\/fr\/wp-json\/wp\/v2\/media\/16181"}],"wp:attachment":[{"href":"https:\/\/centre-region.eu\/fr\/wp-json\/wp\/v2\/media?parent=16183"}],"wp:term":[{"taxonomy":"category","embeddable":true,"href":"https:\/\/centre-region.eu\/fr\/wp-json\/wp\/v2\/categories?post=16183"},{"taxonomy":"post_tag","embeddable":true,"href":"https:\/\/centre-region.eu\/fr\/wp-json\/wp\/v2\/tags?post=16183"}],"curies":[{"name":"wp","href":"https:\/\/api.w.org\/{rel}","templated":true}]}}